{"id":182480,"date":"2025-09-16T13:31:20","date_gmt":"2025-09-16T16:31:20","guid":{"rendered":"https:\/\/cdnoticias.com\/?p=182480"},"modified":"2025-09-16T13:31:21","modified_gmt":"2025-09-16T16:31:21","slug":"bolivar-un-joven-fallecio-en-un-tragico-siniestro-vial","status":"publish","type":"post","link":"https:\/\/cdnoticias.com\/index.php\/2025\/09\/16\/bolivar-un-joven-fallecio-en-un-tragico-siniestro-vial\/","title":{"rendered":"Bol\u00edvar: un joven falleci\u00f3 en un tr\u00e1gico siniestro vial"},"content":{"rendered":"<p>Conduc\u00eda una moto que impact\u00f3 contra una camioneta. El choque se dio sobre la prolongaci\u00f3n de avenida Calfucur\u00e1.<!--more--><\/p>\n<hr \/>\n<p>Un<strong> joven de 26 a\u00f1os falleci\u00f3<\/strong> este martes <strong>en la ciudad de Bol\u00edvar<\/strong> tras protagonizar un<strong> grave accidente<\/strong> en la <strong>prolongaci\u00f3n de avenida Calfucur\u00e1<\/strong>, a la altura del 2000.<\/p>\n<p>El siniestro se produjo en la zona donde la avenida ya se transforma en camino de tierra, en direcci\u00f3n a la Escuela 18.<\/p>\n<blockquote><p>Colisionaron una camioneta Peugeot Partner, dominio OHQ024, conducida por Edgardo Jos\u00e9 Unzu\u00e9, de 59 a\u00f1os, y una motocicleta Honda Tornado, dominio A086JOT, guiada por Juan Agust\u00edn Martiarena, de 26 a\u00f1os.<\/p><\/blockquote>\n<p><img data-recalc-dims=\"1\" loading=\"lazy\" decoding=\"async\" class=\"alignnone size-full wp-image-182481 aligncenter\" src=\"https:\/\/i0.wp.com\/cdnoticias.com\/wp-content\/uploads\/2025\/09\/diario-la-manana-choque-avenida-calfucura-00.jpg?resize=800%2C450&#038;ssl=1\" alt=\"\" width=\"800\" height=\"450\" srcset=\"https:\/\/i0.wp.com\/cdnoticias.com\/wp-content\/uploads\/2025\/09\/diario-la-manana-choque-avenida-calfucura-00.jpg?w=1000&amp;ssl=1 1000w, https:\/\/i0.wp.com\/cdnoticias.com\/wp-content\/uploads\/2025\/09\/diario-la-manana-choque-avenida-calfucura-00.jpg?resize=300%2C169&amp;ssl=1 300w, https:\/\/i0.wp.com\/cdnoticias.com\/wp-content\/uploads\/2025\/09\/diario-la-manana-choque-avenida-calfucura-00.jpg?resize=768%2C432&amp;ssl=1 768w\" sizes=\"auto, (max-width: 800px) 100vw, 800px\" \/><\/p>\n<blockquote><p>El joven motociclista perdi\u00f3 la vida en el acto seg\u00fan el personal de salud de SAME.<\/p><\/blockquote>\n<p>En el lugar trabajaron <em>efectivos policiales, Defensa Civil, Seguridad Vial y Bomberos Voluntarios<\/em>, que acudieron con el m\u00f3vil 8 al mando de Franco Rojas. El \u00e1rea fue preservada para las pericias de <em>Polic\u00eda Cient\u00edfica.<\/em><\/p>\n<p>La causa fue caratulada como<strong> &#8220;homicidio culposo&#8221;<\/strong>, con intervenci\u00f3n de la <strong>UFI N\u00b015 de Bol\u00edvar<\/strong>, a cargo de la Dra. Mar\u00eda Julia Sebasti\u00e1n, del Departamento Judicial de Azul.<\/p>\n<p><img data-recalc-dims=\"1\" loading=\"lazy\" decoding=\"async\" class=\"alignnone size-full wp-image-182482 aligncenter\" src=\"https:\/\/i0.wp.com\/cdnoticias.com\/wp-content\/uploads\/2025\/09\/que-pasa-bolivar-choque-avenida-calfucura-00.jpg?resize=768%2C432&#038;ssl=1\" alt=\"\" width=\"768\" height=\"432\" srcset=\"https:\/\/i0.wp.com\/cdnoticias.com\/wp-content\/uploads\/2025\/09\/que-pasa-bolivar-choque-avenida-calfucura-00.jpg?w=768&amp;ssl=1 768w, https:\/\/i0.wp.com\/cdnoticias.com\/wp-content\/uploads\/2025\/09\/que-pasa-bolivar-choque-avenida-calfucura-00.jpg?resize=300%2C169&amp;ssl=1 300w\" sizes=\"auto, (max-width: 768px) 100vw, 768px\" \/><\/p>\n<p>Fuente:<em> Diario La Ma\u00f1ana<\/em><\/p>\n<p>Fotos: <em>Qu\u00e9 pasa Bol\u00edvar y Diario La Ma\u00f1ana<\/em><\/p>\n","protected":false},"excerpt":{"rendered":"<p>Conduc\u00eda una moto que impact\u00f3 contra una camioneta. El choque se dio sobre la prolongaci\u00f3n de avenida Calfucur\u00e1.<\/p>\n","protected":false},"author":4,"featured_media":182481,"comment_status":"closed","ping_status":"closed","sticky":false,"template":"","format":"standard","meta":{"_jetpack_memberships_contains_paid_content":false,"footnotes":""},"categories":[14,1],"tags":[],"class_list":["post-182480","post","type-post","status-publish","format-standard","has-post-thumbnail","hentry","category-policiales","category-portada"],"jetpack_featured_media_url":"https:\/\/i0.wp.com\/cdnoticias.com\/wp-content\/uploads\/2025\/09\/diario-la-manana-choque-avenida-calfucura-00.jpg?fit=1000%2C563&ssl=1","jetpack_sharing_enabled":true,"_links":{"self":[{"href":"https:\/\/cdnoticias.com\/index.php\/wp-json\/wp\/v2\/posts\/182480","targetHints":{"allow":["GET"]}}],"collection":[{"href":"https:\/\/cdnoticias.com\/index.php\/wp-json\/wp\/v2\/posts"}],"about":[{"href":"https:\/\/cdnoticias.com\/index.php\/wp-json\/wp\/v2\/types\/post"}],"author":[{"embeddable":true,"href":"https:\/\/cdnoticias.com\/index.php\/wp-json\/wp\/v2\/users\/4"}],"replies":[{"embeddable":true,"href":"https:\/\/cdnoticias.com\/index.php\/wp-json\/wp\/v2\/comments?post=182480"}],"version-history":[{"count":0,"href":"https:\/\/cdnoticias.com\/index.php\/wp-json\/wp\/v2\/posts\/182480\/revisions"}],"wp:featuredmedia":[{"embeddable":true,"href":"https:\/\/cdnoticias.com\/index.php\/wp-json\/wp\/v2\/media\/182481"}],"wp:attachment":[{"href":"https:\/\/cdnoticias.com\/index.php\/wp-json\/wp\/v2\/media?parent=182480"}],"wp:term":[{"taxonomy":"category","embeddable":true,"href":"https:\/\/cdnoticias.com\/index.php\/wp-json\/wp\/v2\/categories?post=182480"},{"taxonomy":"post_tag","embeddable":true,"href":"https:\/\/cdnoticias.com\/index.php\/wp-json\/wp\/v2\/tags?post=182480"}],"curies":[{"name":"wp","href":"https:\/\/api.w.org\/{rel}","templated":true}]}}