{"id":182467,"date":"2025-09-16T12:26:45","date_gmt":"2025-09-16T15:26:45","guid":{"rendered":"https:\/\/cdnoticias.com\/?p=182467"},"modified":"2025-09-16T16:10:48","modified_gmt":"2025-09-16T19:10:48","slug":"presupuesto-2026-el-intendente-wesner-senalo-la-falta-de-obra-publica","status":"publish","type":"post","link":"https:\/\/cdnoticias.com\/index.php\/2025\/09\/16\/presupuesto-2026-el-intendente-wesner-senalo-la-falta-de-obra-publica\/","title":{"rendered":"Presupuesto 2026: el intendente Wesner se\u00f1al\u00f3 la falta de obra p\u00fablica"},"content":{"rendered":"\n<p>\u201cCada peso que falta es un sue\u00f1o postergado para Olavarr\u00eda\u201d, defini\u00f3 el jefe comunal en la red social X. El lunes el presidente Milei present\u00f3 el proyecto en cadena nacional.<\/p>\n\n\n\n<hr class=\"wp-block-separator has-alpha-channel-opacity\"\/>\n\n\n\n<p>El intendente Maximiliano Wesner se expres\u00f3 en redes sociales tras la <strong>presentaci\u00f3n del proyecto de Presupuesto 2026<\/strong> por parte del presidente Javier Milei.<\/p>\n\n\n\n<p><\/p>\n\n\n\n<p>\u201c<strong>Nos duele que, otra vez, el presupuesto nacional no destine un solo peso a la obra p\u00fablica.<\/strong> Cada peso que falta es un sue\u00f1o postergado para Olavarr\u00eda, es menos trabajo, menos producci\u00f3n y m\u00e1s angustia para nuestras familias\u201d, indic\u00f3 el jefe comunal.<\/p>\n\n\n\n<p><\/p>\n\n\n\n<p>Y agreg\u00f3: \u201cdesde el municipio seguimos haciendo todo lo posible para sostener la salud, la educaci\u00f3n y a quienes m\u00e1s lo necesitan. <strong>Pero nuestra gente merece m\u00e1s: merece oportunidades, futuro y esperanza<\/strong>\u201d.<\/p>\n\n\n\n<p><\/p>\n\n\n\n<figure class=\"wp-block-embed is-type-rich is-provider-twitter wp-block-embed-twitter\"><div class=\"wp-block-embed__wrapper\">\n<div class=\"embed-twitter\"><blockquote class=\"twitter-tweet\" data-width=\"550\" data-dnt=\"true\"><p lang=\"es\" dir=\"ltr\">Desde el municipio seguimos haciendo todo lo posible para sostener la salud, la educaci\u00f3n y a quienes m\u00e1s lo necesitan. Pero nuestra gente merece m\u00e1s: merece oportunidades, futuro y esperanza.<\/p>&mdash; Maximiliano Wesner (@MaximilianoWes4) <a href=\"https:\/\/twitter.com\/MaximilianoWes4\/status\/1967965383203360925?ref_src=twsrc%5Etfw\">September 16, 2025<\/a><\/blockquote><script async src=\"https:\/\/platform.twitter.com\/widgets.js\" charset=\"utf-8\"><\/script><\/div>\n<\/div><\/figure>\n\n\n\n<p><\/p>\n\n\n\n<p>La<a href=\"https:\/\/cdnoticias.com\/index.php\/2025\/09\/16\/con-una-nueva-y-fuerte-defensa-del-equilibrio-fiscal-javier-milei-dijo-que-lo-peor-ya-paso\/\" data-type=\"link\" data-id=\"https:\/\/cdnoticias.com\/index.php\/2025\/09\/16\/con-una-nueva-y-fuerte-defensa-del-equilibrio-fiscal-javier-milei-dijo-que-lo-peor-ya-paso\/\"> presentaci\u00f3n del proyecto <\/a>se realiz\u00f3 en una cadena nacional que dur\u00f3 15 minutos donde el Presidente defendi\u00f3 el equilibrio fiscal y prometi\u00f3 que <strong>\u201clo peor ya pas\u00f3\u201d.<\/strong><\/p>\n\n\n\n<p><\/p>\n\n\n\n<p>\u201cEste presupuesto <strong>sostiene, al igual que el presupuesto enviado el a\u00f1o pasado, el equilibrio fiscal.<\/strong> Hoy, el futuro de la Argentina depende fundamentalmente de una sola cosa, que el pueblo y la pol\u00edtica se comprometan con el orden fiscal\u201d, plante\u00f3 el Presidente.<\/p>\n\n\n\n<p><\/p>\n\n\n\n<p>Seg\u00fan adelant\u00f3 Milei durante la cadena nacional, \u201cel presupuesto le asigna 4.8 billones de pesos a las universidades nacionales, aumenta el gasto en jubilaciones un 5% y en salud un 17%, ambas partidas por encima de la inflaci\u00f3n. El gasto en educaci\u00f3n tambi\u00e9n aumenta un 8% por encima de la inflaci\u00f3n\u201d. Por otro lado, \u201chabiendo realizado las auditor\u00edas pertinentes, el monto recibido por cada pensionado por discapacidad aumentar\u00e1 en un 5% por encima de la inflaci\u00f3n de 2026\u201d, prometi\u00f3.<\/p>\n","protected":false},"excerpt":{"rendered":"<p>\u201cCada peso que falta es un sue\u00f1o postergado para Olavarr\u00eda\u201d, defini\u00f3 el jefe comunal en la red social X. El<\/p>\n","protected":false},"author":5,"featured_media":175976,"comment_status":"closed","ping_status":"closed","sticky":false,"template":"","format":"standard","meta":{"_jetpack_memberships_contains_paid_content":false,"footnotes":""},"categories":[4,1],"tags":[],"class_list":["post-182467","post","type-post","status-publish","format-standard","has-post-thumbnail","hentry","category-politica","category-portada"],"jetpack_featured_media_url":"https:\/\/i0.wp.com\/cdnoticias.com\/wp-content\/uploads\/2025\/07\/economia-wesner-reunion-empresarios-05-wesner.jpg?fit=1000%2C556&ssl=1","jetpack_sharing_enabled":true,"_links":{"self":[{"href":"https:\/\/cdnoticias.com\/index.php\/wp-json\/wp\/v2\/posts\/182467","targetHints":{"allow":["GET"]}}],"collection":[{"href":"https:\/\/cdnoticias.com\/index.php\/wp-json\/wp\/v2\/posts"}],"about":[{"href":"https:\/\/cdnoticias.com\/index.php\/wp-json\/wp\/v2\/types\/post"}],"author":[{"embeddable":true,"href":"https:\/\/cdnoticias.com\/index.php\/wp-json\/wp\/v2\/users\/5"}],"replies":[{"embeddable":true,"href":"https:\/\/cdnoticias.com\/index.php\/wp-json\/wp\/v2\/comments?post=182467"}],"version-history":[{"count":0,"href":"https:\/\/cdnoticias.com\/index.php\/wp-json\/wp\/v2\/posts\/182467\/revisions"}],"wp:featuredmedia":[{"embeddable":true,"href":"https:\/\/cdnoticias.com\/index.php\/wp-json\/wp\/v2\/media\/175976"}],"wp:attachment":[{"href":"https:\/\/cdnoticias.com\/index.php\/wp-json\/wp\/v2\/media?parent=182467"}],"wp:term":[{"taxonomy":"category","embeddable":true,"href":"https:\/\/cdnoticias.com\/index.php\/wp-json\/wp\/v2\/categories?post=182467"},{"taxonomy":"post_tag","embeddable":true,"href":"https:\/\/cdnoticias.com\/index.php\/wp-json\/wp\/v2\/tags?post=182467"}],"curies":[{"name":"wp","href":"https:\/\/api.w.org\/{rel}","templated":true}]}}