{"id":182437,"date":"2025-09-16T08:35:09","date_gmt":"2025-09-16T11:35:09","guid":{"rendered":"https:\/\/cdnoticias.com\/?p=182437"},"modified":"2025-09-16T08:35:10","modified_gmt":"2025-09-16T11:35:10","slug":"hector-sandro-vidal-q-e-p-d","status":"publish","type":"post","link":"https:\/\/cdnoticias.com\/index.php\/2025\/09\/16\/hector-sandro-vidal-q-e-p-d\/","title":{"rendered":"H\u00e9ctor Sandro Vidal (Q.E.P.D.)"},"content":{"rendered":"<p>Falleci\u00f3 en Olavarr\u00eda el 14 de septiembre de 2025 a los 54 a\u00f1os.<\/p>\n<p>Sus hermanos, su familia, sus amigos y dem\u00e1s deudos participan su fallecimiento.<\/p>\n<p>Sus restos ser\u00e1n velados este martes 16 de septiembre desde las 8:00 hasta las 11:30 horas en la Sala de Espa\u00f1a 2942 departamento \u201cD\u201d y posteriormente inhumados en el Cementerio Loma de Paz a las 11:30 horas.<\/p>\n<p>Nacido en Olavarr\u00eda, vecino de barrio Independencia, alba\u00f1il.<\/p>\n","protected":false},"excerpt":{"rendered":"<p>Falleci\u00f3 en Olavarr\u00eda el 14 de septiembre de 2025 a los 54 a\u00f1os. Sus hermanos, su familia, sus amigos y<\/p>\n","protected":false},"author":4,"featured_media":51544,"comment_status":"closed","ping_status":"closed","sticky":false,"template":"","format":"standard","meta":{"_jetpack_memberships_contains_paid_content":false,"footnotes":""},"categories":[10],"tags":[],"class_list":["post-182437","post","type-post","status-publish","format-standard","has-post-thumbnail","hentry","category-necrologicas"],"jetpack_featured_media_url":"https:\/\/i0.wp.com\/cdnoticias.com\/wp-content\/uploads\/2022\/04\/necrologicas-390-x-240.jpg?fit=390%2C240&ssl=1","jetpack_sharing_enabled":true,"_links":{"self":[{"href":"https:\/\/cdnoticias.com\/index.php\/wp-json\/wp\/v2\/posts\/182437","targetHints":{"allow":["GET"]}}],"collection":[{"href":"https:\/\/cdnoticias.com\/index.php\/wp-json\/wp\/v2\/posts"}],"about":[{"href":"https:\/\/cdnoticias.com\/index.php\/wp-json\/wp\/v2\/types\/post"}],"author":[{"embeddable":true,"href":"https:\/\/cdnoticias.com\/index.php\/wp-json\/wp\/v2\/users\/4"}],"replies":[{"embeddable":true,"href":"https:\/\/cdnoticias.com\/index.php\/wp-json\/wp\/v2\/comments?post=182437"}],"version-history":[{"count":0,"href":"https:\/\/cdnoticias.com\/index.php\/wp-json\/wp\/v2\/posts\/182437\/revisions"}],"wp:featuredmedia":[{"embeddable":true,"href":"https:\/\/cdnoticias.com\/index.php\/wp-json\/wp\/v2\/media\/51544"}],"wp:attachment":[{"href":"https:\/\/cdnoticias.com\/index.php\/wp-json\/wp\/v2\/media?parent=182437"}],"wp:term":[{"taxonomy":"category","embeddable":true,"href":"https:\/\/cdnoticias.com\/index.php\/wp-json\/wp\/v2\/categories?post=182437"},{"taxonomy":"post_tag","embeddable":true,"href":"https:\/\/cdnoticias.com\/index.php\/wp-json\/wp\/v2\/tags?post=182437"}],"curies":[{"name":"wp","href":"https:\/\/api.w.org\/{rel}","templated":true}]}}