{"id":182433,"date":"2025-09-15T20:43:02","date_gmt":"2025-09-15T23:43:02","guid":{"rendered":"https:\/\/cdnoticias.com\/?p=182433"},"modified":"2025-09-16T09:59:00","modified_gmt":"2025-09-16T12:59:00","slug":"un-ciclista-murio-tras-un-siniestro-vial-el-pasado-jueves","status":"publish","type":"post","link":"https:\/\/cdnoticias.com\/index.php\/2025\/09\/15\/un-ciclista-murio-tras-un-siniestro-vial-el-pasado-jueves\/","title":{"rendered":"Un ciclista muri\u00f3 tras un siniestro vial el pasado jueves"},"content":{"rendered":"\n<p>Fue en el cruce de Amparo Castro y Giovanelli. Un auto arroll\u00f3 a un hombre de 54 a\u00f1os que se trasladaba en bicicleta. Estuvo internado 72 horas y falleci\u00f3 en la noche del domingo.<\/p>\n\n\n\n<hr class=\"wp-block-separator aligncenter has-alpha-channel-opacity\"\/>\n\n\n\n<p>Este domingo por la noche, <strong>fuentes policiales informaron el fallecimiento de un hombre de 54 a\u00f1os que sufri\u00f3 graves heridas en un siniestro vial el pasado jueves en la esquina de Amparo Castro y Giovanelli.<\/strong><\/p>\n\n\n\n<p><strong>El siniestro vial se produjo el pasado jueves, cuando un autom\u00f3vil Ford Focus impact\u00f3, por causas que se intentan esclarecer, contra un ciclista que hab\u00eda salido de su trabajo, una obra p\u00fablica ubicada cerca del hecho.<\/strong><\/p>\n\n\n\n<p>El hombre qued\u00f3 inconsciente y <strong>fue trasladado en grave estado al Hospital Municipal, donde estuvo en terapia intensiva hasta la noche de este domingo, donde a pesar del esfuerzo del personal de la salud falleci\u00f3.<\/strong><\/p>\n\n\n\n<p>La v\u00edctima fue identificada como <strong>Sandro H\u00e9ctor Vidal, de 54 a\u00f1os.<\/strong><\/p>\n\n\n\n<p>En el lugar se hab\u00edan realizado las tareas de peritaje correspondientes y se ahondar\u00e1 en la investigaci\u00f3n caratulada como<strong> \u201cLesiones Culposas\u201d en la que interviene la UFI N\u00b010, a cargo de la doctora Viceconte.<\/strong><\/p>\n","protected":false},"excerpt":{"rendered":"<p>Fue en el cruce de Amparo Castro y Giovanelli. Un auto arroll\u00f3 a un hombre de 54 a\u00f1os que se<\/p>\n","protected":false},"author":2,"featured_media":182434,"comment_status":"closed","ping_status":"closed","sticky":false,"template":"","format":"standard","meta":{"_jetpack_memberships_contains_paid_content":false,"footnotes":""},"categories":[14,1],"tags":[],"class_list":["post-182433","post","type-post","status-publish","format-standard","has-post-thumbnail","hentry","category-policiales","category-portada"],"jetpack_featured_media_url":"https:\/\/i0.wp.com\/cdnoticias.com\/wp-content\/uploads\/2025\/09\/WhatsApp-Image-2025-09-15-at-20.30.54.jpeg?fit=744%2C428&ssl=1","jetpack_sharing_enabled":true,"_links":{"self":[{"href":"https:\/\/cdnoticias.com\/index.php\/wp-json\/wp\/v2\/posts\/182433","targetHints":{"allow":["GET"]}}],"collection":[{"href":"https:\/\/cdnoticias.com\/index.php\/wp-json\/wp\/v2\/posts"}],"about":[{"href":"https:\/\/cdnoticias.com\/index.php\/wp-json\/wp\/v2\/types\/post"}],"author":[{"embeddable":true,"href":"https:\/\/cdnoticias.com\/index.php\/wp-json\/wp\/v2\/users\/2"}],"replies":[{"embeddable":true,"href":"https:\/\/cdnoticias.com\/index.php\/wp-json\/wp\/v2\/comments?post=182433"}],"version-history":[{"count":0,"href":"https:\/\/cdnoticias.com\/index.php\/wp-json\/wp\/v2\/posts\/182433\/revisions"}],"wp:featuredmedia":[{"embeddable":true,"href":"https:\/\/cdnoticias.com\/index.php\/wp-json\/wp\/v2\/media\/182434"}],"wp:attachment":[{"href":"https:\/\/cdnoticias.com\/index.php\/wp-json\/wp\/v2\/media?parent=182433"}],"wp:term":[{"taxonomy":"category","embeddable":true,"href":"https:\/\/cdnoticias.com\/index.php\/wp-json\/wp\/v2\/categories?post=182433"},{"taxonomy":"post_tag","embeddable":true,"href":"https:\/\/cdnoticias.com\/index.php\/wp-json\/wp\/v2\/tags?post=182433"}],"curies":[{"name":"wp","href":"https:\/\/api.w.org\/{rel}","templated":true}]}}