{"id":182416,"date":"2025-09-15T20:19:18","date_gmt":"2025-09-15T23:19:18","guid":{"rendered":"https:\/\/cdnoticias.com\/?p=182416"},"modified":"2025-09-15T20:19:19","modified_gmt":"2025-09-15T23:19:19","slug":"campana-de-salud-integral-en-la-localidad-de-colonia-san-miguel","status":"publish","type":"post","link":"https:\/\/cdnoticias.com\/index.php\/2025\/09\/15\/campana-de-salud-integral-en-la-localidad-de-colonia-san-miguel\/","title":{"rendered":"Campa\u00f1a de salud integral en la localidad de Colonia San Miguel\u00a0"},"content":{"rendered":"\n<p>La jornada ser\u00e1 todos los viernes de forma quincenal a partir del 23 de septiembre, en el horario de 09 a 13:00 horas.<\/p>\n\n\n\n<hr class=\"wp-block-separator aligncenter has-alpha-channel-opacity\"\/>\n\n\n\n<p>El pr\u00f3ximo <strong>martes 23 en la localidad de Colonia San Miguel,<\/strong> se llevar\u00e1n adelante distintas <strong>actividades de prevenci\u00f3n y promoci\u00f3n de la salud, <\/strong>en el marco de la campa\u00f1a de salud integral en las localidades.<\/p>\n\n\n\n<p><br>Una de ellas corresponde a un<strong> taller de cuidado sanitario integral, con sede en la Escuela Primaria N\u00b0 5 desde las 09:00 horas<\/strong>, destinado a estudiantes de sexto a\u00f1o de primaria y primero de secundaria. En esta oportunidad se abordar\u00e1n tem\u00e1ticas de desarrollo y salud mental.<\/p>\n\n\n\n<p><\/p>\n\n\n\n<blockquote class=\"wp-block-quote is-layout-flow wp-block-quote-is-layout-flow\">\n<p>Asimismo, se ofrecer\u00e1 atenci\u00f3n m\u00e9dica a grupo familiar en la localidad de Colonia San Miguel, en la sede del CAPS N\u00b0 9 todos los viernes de forma quincenal a partir del 23 de septiembre, en el horario de 09 a 13:00 horas.<\/p>\n<\/blockquote>\n\n\n\n<p><br>Las personas interesadas en hacer <strong>sus chequeos m\u00e9dicos pueden solicitar turno con anticipaci\u00f3n, de manera presencial en el CAPS, San Mart\u00edn 1295<\/strong> o al tel\u00e9fono 492954. Tambi\u00e9n se realizar\u00e1 actualizaci\u00f3n de <strong>esquemas de vacunaci\u00f3n seg\u00fan calendario nacional,<\/strong> por lo cual se solicita concurrir con libreta sanitaria.<\/p>\n\n\n\n<p><br>Cabe destacar que el sistema de salud p\u00fablica se organiza seg\u00fan niveles de atenci\u00f3n, el primero de los cuales est\u00e1 a cargo de la atenci\u00f3n primaria. Los profesionales que desempe\u00f1an su labor en este nivel, as\u00ed como los recursos t\u00e9cnicos que dispone cada CAPS (Centro de Atenci\u00f3n Primaria de la Salud), permiten resolver un alto porcentaje de las patolog\u00edas que all\u00ed se consultan.<\/p>\n\n\n\n<p><br>En este nivel de atenci\u00f3n no s\u00f3lo se presta servicio en casos de enfermedad sino que tambi\u00e9n se trabaja desde la <strong>prevenci\u00f3n y la promoci\u00f3n de h\u00e1bitos saludables, <\/strong>por medio de distintas campa\u00f1as mediante las cuales se brinda informaci\u00f3n tendiente a mejorar nuestra calidad de vida.<\/p>\n\n\n\n<p><br>Como complemento, a los fines de descentralizar la atenci\u00f3n sanitaria, <strong>los profesionales de la salud realizan jornadas externas por fuera de los centros de salud; <\/strong>tanto en el casco urbano como en las localidades.<\/p>\n\n\n\n<p><\/p>\n","protected":false},"excerpt":{"rendered":"<p>La jornada ser\u00e1 todos los viernes de forma quincenal a partir del 23 de septiembre, en el horario de 09<\/p>\n","protected":false},"author":6,"featured_media":50282,"comment_status":"closed","ping_status":"closed","sticky":false,"template":"","format":"standard","meta":{"_jetpack_memberships_contains_paid_content":false,"footnotes":""},"categories":[5,1],"tags":[],"class_list":["post-182416","post","type-post","status-publish","format-standard","has-post-thumbnail","hentry","category-informacion-general","category-portada"],"jetpack_featured_media_url":"https:\/\/i0.wp.com\/cdnoticias.com\/wp-content\/uploads\/2022\/03\/colonia-san-miguel-800x445-1.jpg?fit=800%2C445&ssl=1","jetpack_sharing_enabled":true,"_links":{"self":[{"href":"https:\/\/cdnoticias.com\/index.php\/wp-json\/wp\/v2\/posts\/182416","targetHints":{"allow":["GET"]}}],"collection":[{"href":"https:\/\/cdnoticias.com\/index.php\/wp-json\/wp\/v2\/posts"}],"about":[{"href":"https:\/\/cdnoticias.com\/index.php\/wp-json\/wp\/v2\/types\/post"}],"author":[{"embeddable":true,"href":"https:\/\/cdnoticias.com\/index.php\/wp-json\/wp\/v2\/users\/6"}],"replies":[{"embeddable":true,"href":"https:\/\/cdnoticias.com\/index.php\/wp-json\/wp\/v2\/comments?post=182416"}],"version-history":[{"count":0,"href":"https:\/\/cdnoticias.com\/index.php\/wp-json\/wp\/v2\/posts\/182416\/revisions"}],"wp:featuredmedia":[{"embeddable":true,"href":"https:\/\/cdnoticias.com\/index.php\/wp-json\/wp\/v2\/media\/50282"}],"wp:attachment":[{"href":"https:\/\/cdnoticias.com\/index.php\/wp-json\/wp\/v2\/media?parent=182416"}],"wp:term":[{"taxonomy":"category","embeddable":true,"href":"https:\/\/cdnoticias.com\/index.php\/wp-json\/wp\/v2\/categories?post=182416"},{"taxonomy":"post_tag","embeddable":true,"href":"https:\/\/cdnoticias.com\/index.php\/wp-json\/wp\/v2\/tags?post=182416"}],"curies":[{"name":"wp","href":"https:\/\/api.w.org\/{rel}","templated":true}]}}