{"id":182406,"date":"2025-09-15T18:01:08","date_gmt":"2025-09-15T21:01:08","guid":{"rendered":"https:\/\/cdnoticias.com\/?p=182406"},"modified":"2025-09-15T18:01:10","modified_gmt":"2025-09-15T21:01:10","slug":"celebracion-del-dia-de-la-persona-jubilada-y-el-dia-de-la-primavera","status":"publish","type":"post","link":"https:\/\/cdnoticias.com\/index.php\/2025\/09\/15\/celebracion-del-dia-de-la-persona-jubilada-y-el-dia-de-la-primavera\/","title":{"rendered":"Celebraci\u00f3n del D\u00eda de la Persona Jubilada y el D\u00eda de la Primavera"},"content":{"rendered":"\n<p>Ser\u00e1 este viernes 19 en el Centro Cultural San Jos\u00e9 con diversas propuestas, entre ellas m\u00fasica en vivo, baile, muestras, juegos, talleres y actividades deportivas.<\/p>\n\n\n\n<hr class=\"wp-block-separator aligncenter has-alpha-channel-opacity\"\/>\n\n\n\n<p>Este <strong>viernes 19 de septiembre <\/strong>se llevar\u00e1 a cabo la celebraci\u00f3n en el marco del <strong>D\u00eda de la Persona Jubilada y el D\u00eda de la Primavera.\u00a0<\/strong><\/p>\n\n\n\n<p><\/p>\n\n\n\n<p>La jornada se desarrollar\u00e1 de<strong> 14 a 17 horas en el Centro Cultural Municipal \u201cSan Jos\u00e9\u201d <\/strong>con diversas propuestas, entre ellas <strong>m\u00fasica en vivo, baile, muestras, juegos, talleres, actividades deportivas como tejo, sapo y gimnasia,<\/strong> entre otras actividades.<\/p>\n\n\n\n<p><\/p>\n\n\n\n<blockquote class=\"wp-block-quote is-layout-flow wp-block-quote-is-layout-flow\">\n<p>En el marco de la actividad adem\u00e1s estar\u00e1n presentes los distintos talleres de los Centros Recreativos Municipales con sus producciones elaboradas a lo largo del a\u00f1o.<\/p>\n<\/blockquote>\n\n\n\n<p><\/p>\n\n\n\n<p>Cada <strong>20 de septiembre se celebra el D\u00eda del Jubilado<\/strong> en conmemoraci\u00f3n a la <strong>sanci\u00f3n de la primera Ley de Jubilaci\u00f3n<\/strong> (Ley N\u00b0 4.349) en el a\u00f1o 1904 que permiti\u00f3 por primera vez reconocer el beneficio previsional para los\/as empleados\/as p\u00fablicos\/as de la Naci\u00f3n, y se avanz\u00f3 con el sistema contributivo argentino. Con los a\u00f1os se extendi\u00f3 a otros gremios y actividades.<\/p>\n\n\n\n<p><\/p>\n\n\n\n<blockquote class=\"wp-block-quote is-layout-flow wp-block-quote-is-layout-flow\">\n<p>De esta manera se ha convertido en una fecha importante para promover los derechos de las personas mayores y, a la par, convocarlas a socializar, divertirse y trabajar sobre distintos temas.<\/p>\n<\/blockquote>\n\n\n\n<p><\/p>\n\n\n\n<p>Adem\u00e1s la ocasi\u00f3n servir\u00e1 para <strong>festejar el D\u00eda de la Primavera<\/strong>, en el marco de una jornada integral para que las personas mayores puedan disfrutar de una tarde distinta.<\/p>\n\n\n\n<p><\/p>\n\n\n\n<p>La propuesta es organizada desde la Subsecretar\u00eda de Desarrollo Social, a trav\u00e9s de la Coordinaci\u00f3n de Personas Mayores, en forma conjunta con la Subsecretar\u00eda de Deportes, la Subsecretar\u00eda de Cultura, la Direcci\u00f3n de Gesti\u00f3n Territorial y la Direcci\u00f3n de Mujeres, G\u00e9neros y Diversidad.<\/p>\n","protected":false},"excerpt":{"rendered":"<p>Ser\u00e1 este viernes 19 en el Centro Cultural San Jos\u00e9 con diversas propuestas, entre ellas m\u00fasica en vivo, baile, muestras,<\/p>\n","protected":false},"author":6,"featured_media":181445,"comment_status":"closed","ping_status":"closed","sticky":false,"template":"","format":"standard","meta":{"_jetpack_memberships_contains_paid_content":false,"footnotes":""},"categories":[9,1],"tags":[],"class_list":["post-182406","post","type-post","status-publish","format-standard","has-post-thumbnail","hentry","category-cultura","category-portada"],"jetpack_featured_media_url":"https:\/\/i0.wp.com\/cdnoticias.com\/wp-content\/uploads\/2025\/09\/adultos-mayores-jornada1.jpg?fit=900%2C598&ssl=1","jetpack_sharing_enabled":true,"_links":{"self":[{"href":"https:\/\/cdnoticias.com\/index.php\/wp-json\/wp\/v2\/posts\/182406","targetHints":{"allow":["GET"]}}],"collection":[{"href":"https:\/\/cdnoticias.com\/index.php\/wp-json\/wp\/v2\/posts"}],"about":[{"href":"https:\/\/cdnoticias.com\/index.php\/wp-json\/wp\/v2\/types\/post"}],"author":[{"embeddable":true,"href":"https:\/\/cdnoticias.com\/index.php\/wp-json\/wp\/v2\/users\/6"}],"replies":[{"embeddable":true,"href":"https:\/\/cdnoticias.com\/index.php\/wp-json\/wp\/v2\/comments?post=182406"}],"version-history":[{"count":0,"href":"https:\/\/cdnoticias.com\/index.php\/wp-json\/wp\/v2\/posts\/182406\/revisions"}],"wp:featuredmedia":[{"embeddable":true,"href":"https:\/\/cdnoticias.com\/index.php\/wp-json\/wp\/v2\/media\/181445"}],"wp:attachment":[{"href":"https:\/\/cdnoticias.com\/index.php\/wp-json\/wp\/v2\/media?parent=182406"}],"wp:term":[{"taxonomy":"category","embeddable":true,"href":"https:\/\/cdnoticias.com\/index.php\/wp-json\/wp\/v2\/categories?post=182406"},{"taxonomy":"post_tag","embeddable":true,"href":"https:\/\/cdnoticias.com\/index.php\/wp-json\/wp\/v2\/tags?post=182406"}],"curies":[{"name":"wp","href":"https:\/\/api.w.org\/{rel}","templated":true}]}}