{"id":182385,"date":"2025-09-15T16:30:12","date_gmt":"2025-09-15T19:30:12","guid":{"rendered":"https:\/\/cdnoticias.com\/?p=182385"},"modified":"2025-09-15T20:49:13","modified_gmt":"2025-09-15T23:49:13","slug":"municipios-por-la-igualdad-y-organizadas-en-red-en-olavarria-y-bolivar","status":"publish","type":"post","link":"https:\/\/cdnoticias.com\/index.php\/2025\/09\/15\/municipios-por-la-igualdad-y-organizadas-en-red-en-olavarria-y-bolivar\/","title":{"rendered":"\u201cMunicipios por la Igualdad\u201d y \u201cOrganizadas en Red\u201d en Olavarr\u00eda y Bol\u00edvar"},"content":{"rendered":"<p>Autoridades del Ministerio de Mujeres y Diversidad estuvieron en la Regi\u00f3n S\u00e9ptima. Visitaron el espacio en el que funcionar\u00e1 una huerta agroecol\u00f3gica y el Centro de Servicios Textiles.<!--more--><\/p>\n<hr \/>\n<p>El <strong>Ministerio de Mujeres y Diversidad de la provincia<\/strong> visit\u00f3 <strong>proyectos productivos de Bol\u00edvar y Olavarr\u00eda<\/strong>, que se han impulsado con pol\u00edticas del organismo.<\/p>\n<p><strong>\u201cPunto de Encuentro\u201d es el buffet de la terminal de Bol\u00edvar<\/strong> y es gestionado por la Cooperativa \u201cEmpoderamiento Femenino\u201d, integrada por mujeres. Se explic\u00f3 que este proyecto productivo surgi\u00f3 en el marco del<strong> Programa \u201cMunicipios por la Igualdad\u201d<\/strong>, que busca generar respuestas colectivas ante necesidades territoriales, con perspectiva de g\u00e9nero. All\u00ed se mantuvo <em>una reuni\u00f3n de evaluaci\u00f3n y articulaci\u00f3n con la Subsecretar\u00eda T\u00e9cnica, Administrativa y Legal del Ministerio, a cargo de Mercedes Castilla<\/em>, para fortalecer el<strong> crecimiento y autonom\u00eda<\/strong> de la Cooperativa.<\/p>\n<p><img data-recalc-dims=\"1\" loading=\"lazy\" decoding=\"async\" class=\"alignnone size-full wp-image-182390 aligncenter\" src=\"https:\/\/i0.wp.com\/cdnoticias.com\/wp-content\/uploads\/2025\/09\/ministerio-de-mujeres-bolivar-02.jpg?resize=800%2C445&#038;ssl=1\" alt=\"\" width=\"800\" height=\"445\" srcset=\"https:\/\/i0.wp.com\/cdnoticias.com\/wp-content\/uploads\/2025\/09\/ministerio-de-mujeres-bolivar-02.jpg?w=1000&amp;ssl=1 1000w, https:\/\/i0.wp.com\/cdnoticias.com\/wp-content\/uploads\/2025\/09\/ministerio-de-mujeres-bolivar-02.jpg?resize=300%2C167&amp;ssl=1 300w, https:\/\/i0.wp.com\/cdnoticias.com\/wp-content\/uploads\/2025\/09\/ministerio-de-mujeres-bolivar-02.jpg?resize=768%2C427&amp;ssl=1 768w, https:\/\/i0.wp.com\/cdnoticias.com\/wp-content\/uploads\/2025\/09\/ministerio-de-mujeres-bolivar-02.jpg?resize=800%2C445&amp;ssl=1 800w\" sizes=\"auto, (max-width: 800px) 100vw, 800px\" \/><\/p>\n<p>Participaron <strong>Magal\u00ed Tullio, Secretaria de Relaciones con la Comunidad y Fortalecimiento Institucional<\/strong>; parte del equipo de la <strong>Direcci\u00f3n de Pol\u00edticas de G\u00e9nero y Derechos Humanos y Marianela Zanassi, la Directora<\/strong>; <strong>Silvia Zaballa, Directora Provincial de Regiones<\/strong>; <strong>Trinidad T\u00f3rtora, Coordinadora del Programa \u201cMunicipios por la Igualdad\u201d<\/strong> y <strong>Hosanna Cazola, Directora de la S\u00e9ptima Regi\u00f3n<\/strong>.<\/p>\n<p>Asimismo se detall\u00f3 que <strong>en Olavarr\u00eda, se visit\u00f3 el espacio en el que funcionar\u00e1 una huerta agroecol\u00f3gica<\/strong> que ya est\u00e1 en proceso de recuperaci\u00f3n. A partir de su funcionamiento, <strong>se proyecta la creaci\u00f3n de una plantinera<\/strong>. Este proyecto tambi\u00e9n se enmarca en \u201cMunicipios por la Igualdad\u201d y busca<strong> fortalecer la formaci\u00f3n y autonom\u00eda de mujeres y diversidades del distrito<\/strong>. La <em>directora de Mujeres, G\u00e9nero y Diversidad, Florencia Ju\u00e1rez<\/em>, y parte de su equipo, recibieron al grupo del Ministerio, con quienes realizaron<strong> un an\u00e1lisis del estado de situaci\u00f3n del avance del proyecto y c\u00f3mo continua<\/strong>r.<\/p>\n<p><img data-recalc-dims=\"1\" loading=\"lazy\" decoding=\"async\" class=\"alignnone size-full wp-image-182389 aligncenter\" src=\"https:\/\/i0.wp.com\/cdnoticias.com\/wp-content\/uploads\/2025\/09\/ministerio-de-mujeres-olavarria-01-centro-de-servicios-textiles.jpg?resize=800%2C445&#038;ssl=1\" alt=\"\" width=\"800\" height=\"445\" srcset=\"https:\/\/i0.wp.com\/cdnoticias.com\/wp-content\/uploads\/2025\/09\/ministerio-de-mujeres-olavarria-01-centro-de-servicios-textiles.jpg?w=1000&amp;ssl=1 1000w, https:\/\/i0.wp.com\/cdnoticias.com\/wp-content\/uploads\/2025\/09\/ministerio-de-mujeres-olavarria-01-centro-de-servicios-textiles.jpg?resize=300%2C167&amp;ssl=1 300w, https:\/\/i0.wp.com\/cdnoticias.com\/wp-content\/uploads\/2025\/09\/ministerio-de-mujeres-olavarria-01-centro-de-servicios-textiles.jpg?resize=768%2C427&amp;ssl=1 768w, https:\/\/i0.wp.com\/cdnoticias.com\/wp-content\/uploads\/2025\/09\/ministerio-de-mujeres-olavarria-01-centro-de-servicios-textiles.jpg?resize=800%2C445&amp;ssl=1 800w\" sizes=\"auto, (max-width: 800px) 100vw, 800px\" \/><\/p>\n<p>Posteriormente, la Subsecretaria Administrativa, T\u00e9cnica y Legal, junto a la Directora Regional, <strong>recorrieron el espacio de trabajo del Centro de Servicios Textiles<\/strong>, que brinda servicios a la comunidad y funciona como espacio de pr\u00e1cticas profesionalizantes para estudiantes avanzadas de los cursos de la familia textil e indumentaria del Centro de Formaci\u00f3n Laboral N\u00b0403 \u201cCarlos Alberto Moreno\u201d de la ciudad de Olavarr\u00eda. All\u00ed, las integrantes del Centro, <strong>compartieron experiencias, fortalezas y desaf\u00edos<\/strong> en la conformaci\u00f3n y sostenimiento del trabajo cooperativo y colaborativo, especialmente en el \u00e1mbito textil, a partir del <strong>contexto actual nacional de apertura de importaci\u00f3n indiscriminada<\/strong>. El equipo de <strong>\u201cOrganizadas en Red\u201d dio a conocer la formaci\u00f3n disponible<\/strong> as\u00ed como posibles articulaciones para robustecer el trabajo del Centro de Servicios.<\/p>\n<p>\u201cEl Ministerio de Mujeres y Diversidad, con sus programas y pol\u00edticas, pretende continuar <em>tejiendo redes humanas para la igualdad, que contemplen las desigualdades estructurales de g\u00e9nero<\/em> para poder promover la independencia econ\u00f3mica de mujeres y diversidades\u201d indic\u00f3 el organismo provincial.<\/p>\n<p><img data-recalc-dims=\"1\" loading=\"lazy\" decoding=\"async\" class=\"alignnone size-full wp-image-182387 aligncenter\" src=\"https:\/\/i0.wp.com\/cdnoticias.com\/wp-content\/uploads\/2025\/09\/ministerio-de-mujeres-bolivar-03-Punto-de-Encuentro-Programa-Municipios-por-la-Igualdad.jpg?resize=800%2C445&#038;ssl=1\" alt=\"\" width=\"800\" height=\"445\" srcset=\"https:\/\/i0.wp.com\/cdnoticias.com\/wp-content\/uploads\/2025\/09\/ministerio-de-mujeres-bolivar-03-Punto-de-Encuentro-Programa-Municipios-por-la-Igualdad.jpg?w=1000&amp;ssl=1 1000w, https:\/\/i0.wp.com\/cdnoticias.com\/wp-content\/uploads\/2025\/09\/ministerio-de-mujeres-bolivar-03-Punto-de-Encuentro-Programa-Municipios-por-la-Igualdad.jpg?resize=300%2C167&amp;ssl=1 300w, https:\/\/i0.wp.com\/cdnoticias.com\/wp-content\/uploads\/2025\/09\/ministerio-de-mujeres-bolivar-03-Punto-de-Encuentro-Programa-Municipios-por-la-Igualdad.jpg?resize=768%2C427&amp;ssl=1 768w, https:\/\/i0.wp.com\/cdnoticias.com\/wp-content\/uploads\/2025\/09\/ministerio-de-mujeres-bolivar-03-Punto-de-Encuentro-Programa-Municipios-por-la-Igualdad.jpg?resize=800%2C445&amp;ssl=1 800w\" sizes=\"auto, (max-width: 800px) 100vw, 800px\" \/><\/p>\n","protected":false},"excerpt":{"rendered":"<p>Autoridades del Ministerio de Mujeres y Diversidad estuvieron en la Regi\u00f3n S\u00e9ptima. Visitaron el espacio en el que funcionar\u00e1 una<\/p>\n","protected":false},"author":4,"featured_media":182388,"comment_status":"closed","ping_status":"closed","sticky":false,"template":"","format":"standard","meta":{"_jetpack_memberships_contains_paid_content":false,"footnotes":""},"categories":[3,1],"tags":[],"class_list":["post-182385","post","type-post","status-publish","format-standard","has-post-thumbnail","hentry","category-genero","category-portada"],"jetpack_featured_media_url":"https:\/\/i0.wp.com\/cdnoticias.com\/wp-content\/uploads\/2025\/09\/ministerio-de-mujeres-olavarria-00.jpg?fit=1000%2C556&ssl=1","jetpack_sharing_enabled":true,"_links":{"self":[{"href":"https:\/\/cdnoticias.com\/index.php\/wp-json\/wp\/v2\/posts\/182385","targetHints":{"allow":["GET"]}}],"collection":[{"href":"https:\/\/cdnoticias.com\/index.php\/wp-json\/wp\/v2\/posts"}],"about":[{"href":"https:\/\/cdnoticias.com\/index.php\/wp-json\/wp\/v2\/types\/post"}],"author":[{"embeddable":true,"href":"https:\/\/cdnoticias.com\/index.php\/wp-json\/wp\/v2\/users\/4"}],"replies":[{"embeddable":true,"href":"https:\/\/cdnoticias.com\/index.php\/wp-json\/wp\/v2\/comments?post=182385"}],"version-history":[{"count":0,"href":"https:\/\/cdnoticias.com\/index.php\/wp-json\/wp\/v2\/posts\/182385\/revisions"}],"wp:featuredmedia":[{"embeddable":true,"href":"https:\/\/cdnoticias.com\/index.php\/wp-json\/wp\/v2\/media\/182388"}],"wp:attachment":[{"href":"https:\/\/cdnoticias.com\/index.php\/wp-json\/wp\/v2\/media?parent=182385"}],"wp:term":[{"taxonomy":"category","embeddable":true,"href":"https:\/\/cdnoticias.com\/index.php\/wp-json\/wp\/v2\/categories?post=182385"},{"taxonomy":"post_tag","embeddable":true,"href":"https:\/\/cdnoticias.com\/index.php\/wp-json\/wp\/v2\/tags?post=182385"}],"curies":[{"name":"wp","href":"https:\/\/api.w.org\/{rel}","templated":true}]}}