{"id":182371,"date":"2025-09-15T11:42:24","date_gmt":"2025-09-15T14:42:24","guid":{"rendered":"https:\/\/cdnoticias.com\/?p=182371"},"modified":"2025-09-15T13:06:02","modified_gmt":"2025-09-15T16:06:02","slug":"vacunacion-contra-el-dengue-se-distribuyen-turnos-para-86-olavarrienses","status":"publish","type":"post","link":"https:\/\/cdnoticias.com\/index.php\/2025\/09\/15\/vacunacion-contra-el-dengue-se-distribuyen-turnos-para-86-olavarrienses\/","title":{"rendered":"Vacunaci\u00f3n contra el dengue: se distribuyen turnos para 86 olavarrienses"},"content":{"rendered":"<p>El Ministerio de Salud de la provincia cit\u00f3 a m\u00e1s de 22 mil bonaerenses a partir de este lunes. En Olavarr\u00eda la vacunaci\u00f3n se aplica en el vacunatorio del Hospital Municipal.<!--more--><\/p>\n<hr \/>\n<p>Este lunes comenz\u00f3 la<strong> distribuci\u00f3n de 22 mil turnos para la vacunaci\u00f3n contra el dengue<\/strong> impulsada por el <strong>Ministerio de Salud de la provincia de Buenos Aires<\/strong>, <a href=\"https:\/\/cdnoticias.com\/index.php\/2025\/09\/12\/la-provincia-comienza-a-vacunar-a-quienes-no-hayan-tenido-dengue\/\" target=\"_blank\" rel=\"noopener\">tal como se hab\u00eda adelantado<\/a>. La inmunizaci\u00f3n est\u00e1 disponible para <strong>personas de entre 15 y 59 a\u00f1os<\/strong> de cualquier municipio bonaerense <strong>hayan tenido o no la enfermedad<\/strong>.<\/p>\n<blockquote>\n<p>El titular de la Regi\u00f3n Sanitaria IX, Ramiro Borzi, inform\u00f3 a Central de Noticias que en Olavarr\u00eda se enviaron 86 turnos para la aplicaci\u00f3n de las dosis. La vacunaci\u00f3n se llevar\u00e1 a cabo en el vacunatorio del Hospital Municipal \u201cH\u00e9ctor Cura\u201d.<\/p>\n<\/blockquote>\n<p>Al respecto, Borzi record\u00f3 que la Campa\u00f1a de Vacunaci\u00f3n contra el Dengue 2025-2026 incluye a <strong>\u201cla poblaci\u00f3n de 15 a 59 a\u00f1os<\/strong> que residan en la provincia y que <strong>manifiesten voluntad de vacunarse <a href=\"https:\/\/www.ms.gba.gov.ar\/sitios\/misalud\/\" target=\"_blank\" rel=\"noopener\">a trav\u00e9s de Mi Salud Digital Bonaerense\u201d<\/a>.\u00a0<\/strong><\/p>\n<p>La campa\u00f1a llegar\u00e1 en esta etapa a quienes presenten<strong> factores de riesgo<\/strong> como <em>antecedentes de Dengue, antecedentes de Dengue Grave, enfermedad cardiovascular (incluye hipertensi\u00f3n arterial), diabetes, enfermedad renal, enfermedad respiratoria cr\u00f3nica (incluye EPOC y ASMA) y obesidad m\u00f3rbida<\/em>.\u00a0<\/p>\n<p><img data-recalc-dims=\"1\" loading=\"lazy\" decoding=\"async\" class=\"alignnone size-full wp-image-131323 aligncenter\" src=\"https:\/\/i0.wp.com\/cdnoticias.com\/wp-content\/uploads\/2024\/11\/vacuna-dengue-DIB.jpg?resize=629%2C420&#038;ssl=1\" alt=\"\" width=\"629\" height=\"420\" srcset=\"https:\/\/i0.wp.com\/cdnoticias.com\/wp-content\/uploads\/2024\/11\/vacuna-dengue-DIB.jpg?w=629&amp;ssl=1 629w, https:\/\/i0.wp.com\/cdnoticias.com\/wp-content\/uploads\/2024\/11\/vacuna-dengue-DIB.jpg?resize=300%2C200&amp;ssl=1 300w, https:\/\/i0.wp.com\/cdnoticias.com\/wp-content\/uploads\/2024\/11\/vacuna-dengue-DIB.jpg?resize=272%2C182&amp;ssl=1 272w\" sizes=\"auto, (max-width: 629px) 100vw, 629px\" \/><\/p>\n<p>La convocatoria es para la aplicaci\u00f3n de la <strong>primera dosis<\/strong>. El esquema contempla que <strong>la segunda se aplica 90 d\u00edas despu\u00e9s de la primera dosis.<\/strong><\/p>\n<blockquote>\n<p>Borzi subray\u00f3 adem\u00e1s que la convocatoria se realiza \u201cv\u00eda mail a las personas que pertenecen a la poblaci\u00f3n objetivo\u201d. En ese sentido, se destac\u00f3 que no se contacta a las personas de ninguna otra manera ni se solicitan datos personales.<\/p>\n<\/blockquote>\n<p>El <strong>ministro de Salud, Nicol\u00e1s Kreplak<\/strong>, habl\u00f3 este lunes sobre el tema.<strong> \u201cHace dos a\u00f1os tuvimos la epidemia de dengue m\u00e1s grande<\/strong> de la que se tenga registro en Am\u00e9rica Latina y coincidi\u00f3 con el inicio de <strong>este Gobierno nacional que no tom\u00f3 ninguna medida al respecto<\/strong>. As\u00ed como nos comprometimos en aquel momento, hoy la provincia de Buenos Aires est\u00e1<strong> relanzando la campa\u00f1a de vacunaci\u00f3n: en el d\u00eda de hoy emitimos 22 mil turnos<\/strong>. Adem\u00e1s, pueden inscribirse en \u2018Mi Salud Digital\u2019 las personas de entre 15 y 59 a\u00f1os para recibir la primera dosis\u201d dijo.<\/p>\n<p><img data-recalc-dims=\"1\" loading=\"lazy\" decoding=\"async\" class=\"alignnone size-full wp-image-167956 aligncenter\" src=\"https:\/\/i0.wp.com\/cdnoticias.com\/wp-content\/uploads\/2025\/04\/kreplak-facultad-de-salud.jpg?resize=800%2C445&#038;ssl=1\" alt=\"\" width=\"800\" height=\"445\" srcset=\"https:\/\/i0.wp.com\/cdnoticias.com\/wp-content\/uploads\/2025\/04\/kreplak-facultad-de-salud.jpg?w=1000&amp;ssl=1 1000w, https:\/\/i0.wp.com\/cdnoticias.com\/wp-content\/uploads\/2025\/04\/kreplak-facultad-de-salud.jpg?resize=300%2C167&amp;ssl=1 300w, https:\/\/i0.wp.com\/cdnoticias.com\/wp-content\/uploads\/2025\/04\/kreplak-facultad-de-salud.jpg?resize=768%2C427&amp;ssl=1 768w, https:\/\/i0.wp.com\/cdnoticias.com\/wp-content\/uploads\/2025\/04\/kreplak-facultad-de-salud.jpg?resize=800%2C445&amp;ssl=1 800w\" sizes=\"auto, (max-width: 800px) 100vw, 800px\" \/><\/p>\n<h3>La campa\u00f1a<\/h3>\n<p>El Ministerio de Salud bonaerense indic\u00f3 que<strong> se enviar\u00e1n 22.100 turnos a quienes ya se anotaron<\/strong> pero no fueron citados por encontrarse fuera de la poblaci\u00f3n objetivo de esa primera parte de la campa\u00f1a. Para ello, los interesados deber\u00e1n <strong>registrarse en Mi Salud Digital<\/strong>, y se les asignar\u00e1 <strong>v\u00eda mail un d\u00eda y horario para concurrir a inmunizarse.<\/strong><\/p>\n<p><a href=\"https:\/\/cdnoticias.com\/index.php\/2025\/02\/07\/dengue-se-enviaron-nuevos-turnos-para-los-bonaerenses\/\" target=\"_blank\" rel=\"noopener\">Hasta ahora, los vacunados fueron j\u00f3venes y adultos de entre 15 y 59 a\u00f1os que transitaron la enfermedad<\/a>. Pero en esta nueva etapa <strong>podr\u00e1n solicitar un turno todas las personas de esa franja etaria que deseen recibir la vacuna<\/strong>.<\/p>\n<blockquote>\n<p>Una vez asignada la cita por correo electr\u00f3nico, las y los bonaerenses podr\u00e1n acercarse a cualquiera de los vacunatorios disponibles en los 135 municipios de la Provincia, que pueden consultarse en la <a href=\"http:\/\/www.gba.gob.ar\/vacunacion\/\" target=\"_blank\" rel=\"noopener\">p\u00e1gina www.gba.gob.ar\/vacunacion\/<\/a>, y ser\u00e1n inmunizados de forma gratuita; sin necesidad de orden m\u00e9dica.<\/p>\n<\/blockquote>\n<p><img data-recalc-dims=\"1\" loading=\"lazy\" decoding=\"async\" class=\"alignnone size-full wp-image-182191 aligncenter\" src=\"https:\/\/i0.wp.com\/cdnoticias.com\/wp-content\/uploads\/2025\/09\/dengue-sintomas.jpg?resize=790%2C444&#038;ssl=1\" alt=\"\" width=\"790\" height=\"444\" srcset=\"https:\/\/i0.wp.com\/cdnoticias.com\/wp-content\/uploads\/2025\/09\/dengue-sintomas.jpg?w=790&amp;ssl=1 790w, https:\/\/i0.wp.com\/cdnoticias.com\/wp-content\/uploads\/2025\/09\/dengue-sintomas.jpg?resize=300%2C169&amp;ssl=1 300w, https:\/\/i0.wp.com\/cdnoticias.com\/wp-content\/uploads\/2025\/09\/dengue-sintomas.jpg?resize=768%2C432&amp;ssl=1 768w\" sizes=\"auto, (max-width: 790px) 100vw, 790px\" \/><\/p>\n<h3>\u00bfCu\u00e1ndo sospechar de dengue?<\/h3>\n<p>Si ten\u00e9s<strong> fiebre (38\u00b0 o m\u00e1s)<\/strong> acompa\u00f1ada de:<\/p>\n<ul>\n<li>Dolor de cabeza y\/o dolor detr\u00e1s de los ojos<\/li>\n<li>Dolor muscular y\/o en las articulaciones<\/li>\n<li>N\u00e1useas, v\u00f3mitos y\/o diarrea<\/li>\n<li>Malestar general<\/li>\n<li>Sarpullido \/ rash en la piel<\/li>\n<\/ul>\n\n\n<p><\/p>\n","protected":false},"excerpt":{"rendered":"<p>El Ministerio de Salud de la provincia cit\u00f3 a m\u00e1s de 22 mil bonaerenses a partir de este lunes. En<\/p>\n","protected":false},"author":4,"featured_media":61850,"comment_status":"closed","ping_status":"closed","sticky":false,"template":"","format":"standard","meta":{"_jetpack_memberships_contains_paid_content":false,"footnotes":""},"categories":[5,1],"tags":[],"class_list":["post-182371","post","type-post","status-publish","format-standard","has-post-thumbnail","hentry","category-informacion-general","category-portada"],"jetpack_featured_media_url":"https:\/\/i0.wp.com\/cdnoticias.com\/wp-content\/uploads\/2022\/08\/vacunatorio-municipal-vacunacion.jpg?fit=800%2C445&ssl=1","jetpack_sharing_enabled":true,"_links":{"self":[{"href":"https:\/\/cdnoticias.com\/index.php\/wp-json\/wp\/v2\/posts\/182371","targetHints":{"allow":["GET"]}}],"collection":[{"href":"https:\/\/cdnoticias.com\/index.php\/wp-json\/wp\/v2\/posts"}],"about":[{"href":"https:\/\/cdnoticias.com\/index.php\/wp-json\/wp\/v2\/types\/post"}],"author":[{"embeddable":true,"href":"https:\/\/cdnoticias.com\/index.php\/wp-json\/wp\/v2\/users\/4"}],"replies":[{"embeddable":true,"href":"https:\/\/cdnoticias.com\/index.php\/wp-json\/wp\/v2\/comments?post=182371"}],"version-history":[{"count":0,"href":"https:\/\/cdnoticias.com\/index.php\/wp-json\/wp\/v2\/posts\/182371\/revisions"}],"wp:featuredmedia":[{"embeddable":true,"href":"https:\/\/cdnoticias.com\/index.php\/wp-json\/wp\/v2\/media\/61850"}],"wp:attachment":[{"href":"https:\/\/cdnoticias.com\/index.php\/wp-json\/wp\/v2\/media?parent=182371"}],"wp:term":[{"taxonomy":"category","embeddable":true,"href":"https:\/\/cdnoticias.com\/index.php\/wp-json\/wp\/v2\/categories?post=182371"},{"taxonomy":"post_tag","embeddable":true,"href":"https:\/\/cdnoticias.com\/index.php\/wp-json\/wp\/v2\/tags?post=182371"}],"curies":[{"name":"wp","href":"https:\/\/api.w.org\/{rel}","templated":true}]}}