{"id":182362,"date":"2025-09-15T10:44:46","date_gmt":"2025-09-15T13:44:46","guid":{"rendered":"https:\/\/cdnoticias.com\/?p=182362"},"modified":"2025-09-15T10:44:48","modified_gmt":"2025-09-15T13:44:48","slug":"recalde-celebro-sus-114-anos-con-un-multitudinario-festejo","status":"publish","type":"post","link":"https:\/\/cdnoticias.com\/index.php\/2025\/09\/15\/recalde-celebro-sus-114-anos-con-un-multitudinario-festejo\/","title":{"rendered":"Recalde celebr\u00f3 sus 114 a\u00f1os con un multitudinario festejo"},"content":{"rendered":"<p>Fue en la jornada de este domingo y cont\u00f3 con la presencia del Intendente Maximiliano Wesner. Importante asistencia para disfrutar propuestas gastron\u00f3micas y art\u00edsticas.<!--more--><\/p>\n<hr \/>\n<p><strong>Recalde celebr\u00f3 su 114\u00b0 aniversario<\/strong> con un <strong>multitudinario festejo<\/strong> que se extendi\u00f3 durante la jornada de este domingo. En un d\u00eda totalmente soleado, la localidad<strong> se visti\u00f3 de fiesta y tradici\u00f3n<\/strong> en cada rinc\u00f3n.<\/p>\n<p>\u00a0<\/p>\n<p>Las actividades comenzaron rondando las 12 horas del mediod\u00eda, en las inmediaciones de la <strong>Plaza Dami\u00e1n Recalde<\/strong>, con el tradicional <strong>desfile de instituciones<\/strong>. Del mismo participaron el <em>Jard\u00edn de Infantes N\u00ba 910. \u201cRosario Vera Pe\u00f1aloza\u201d, la Escuela Primaria N\u00b010 \u201cMart\u00edn Miguel de G\u00fcemes\u201d, Escuela Secundaria N\u00b019 \u201cVeteranas de Malvinas\u201d, Veteranos de Malvinas, Asociaci\u00f3n Civil El Cauqu\u00e9n, Asociaci\u00f3n Civil Recalde Amanece<\/em>. Posteriormente, se realiz\u00f3 el acto protocolar.<\/p>\n<p>\u00a0<\/p>\n<p>Seguidamente, todo se traslad\u00f3 a la <strong>carpa ubicada en el Club Atl\u00e9tico y Social de Recalde<\/strong>, donde se encontraban los <strong>stands gastron\u00f3micos y el escenario principal<\/strong>. All\u00ed, el<strong> intendente Maximiliano Wesner<\/strong> comparti\u00f3 un <strong>almuerzo<\/strong> con toda la comunidad de la localidad.<\/p>\n<p>\u00a0<\/p>\n<p>Luego, hubo <strong>intervenciones art\u00edsticas con m\u00fasica popular y danzas<\/strong> tradicionales. La grilla inici\u00f3 con la actuaci\u00f3n del grupo La Diferente y diferentes pe\u00f1as El Cauqu\u00e9n, Espigas Baila Folklore, Recalde Amanece.<\/p>\n<p>\u00a0<\/p>\n<p><img data-recalc-dims=\"1\" loading=\"lazy\" decoding=\"async\" class=\"alignnone size-full wp-image-182364\" src=\"https:\/\/i0.wp.com\/cdnoticias.com\/wp-content\/uploads\/2025\/09\/114-aniversario-de-Recalde-02.jpg?resize=800%2C445&#038;ssl=1\" alt=\"\" width=\"800\" height=\"445\" srcset=\"https:\/\/i0.wp.com\/cdnoticias.com\/wp-content\/uploads\/2025\/09\/114-aniversario-de-Recalde-02.jpg?w=1000&amp;ssl=1 1000w, https:\/\/i0.wp.com\/cdnoticias.com\/wp-content\/uploads\/2025\/09\/114-aniversario-de-Recalde-02.jpg?resize=300%2C167&amp;ssl=1 300w, https:\/\/i0.wp.com\/cdnoticias.com\/wp-content\/uploads\/2025\/09\/114-aniversario-de-Recalde-02.jpg?resize=768%2C427&amp;ssl=1 768w, https:\/\/i0.wp.com\/cdnoticias.com\/wp-content\/uploads\/2025\/09\/114-aniversario-de-Recalde-02.jpg?resize=800%2C445&amp;ssl=1 800w\" sizes=\"auto, (max-width: 800px) 100vw, 800px\" \/><\/p>\n<p>\u00a0<\/p>\n<blockquote>\n<p>Previo al corte de la torta aniversario, Wesner transmiti\u00f3 unas palabras a todos los presentes. En este sentido, el Jefe Comunal expres\u00f3 que \u201ces un placer y un honor poder acompa\u00f1ar los 114 a\u00f1os de esta hermosa localidad, el coraz\u00f3n ganadero del Partido de Olavarr\u00eda\u201d.<\/p>\n<\/blockquote>\n<p>\u00a0<\/p>\n<p>\u201cPodemos ver que aqu\u00ed <strong>se entrelaza la producci\u00f3n, la cultura, se echan ra\u00edces<\/strong>. Sin lugar a dudas que Recalde crece\u201d, se\u00f1al\u00f3 y agradeci\u00f3 \u201cal equipo de la Delegaci\u00f3n Municipal que siempre est\u00e1 colaborando y a la Comisi\u00f3n que ha organizado este festejo\u201d.<\/p>\n<p>\u00a0<\/p>\n<p>Al finalizar las palabras del Intendente, se procedi\u00f3 a la <strong>entrega de reconocimientos a personalidades<\/strong> destacadas de la localidad por su aporte con la comunidad. As\u00ed, recibieron su distinci\u00f3n<strong> Miguel \u00c1ngel M\u00f3naco, Yamila Salinas, Elida Pellegrini, Norma Pellegrini, Celia Barrag\u00e1n, Liliana Medici y Walter Almeira<\/strong>. Luego, se realiz\u00f3 el correspondiente corte de torta aniversario.<\/p>\n<p>\u00a0<\/p>\n<p>La celebraci\u00f3n de los 114 a\u00f1os de Recalde finaliz\u00f3 con las presentaciones art\u00edsticas de <em>Mart\u00edn Barraza, Juan Echegoyen, Yanina Dotzel, Los Kumbieros, y el cierre con La Diferente.<\/em><\/p>\n<p>\u00a0<\/p>\n<p>\u00a0<\/p>\n\n\n<div class=\"wp-block-jetpack-slideshow aligncenter\" data-effect=\"slide\"><div class=\"wp-block-jetpack-slideshow_container swiper\"><ul class=\"wp-block-jetpack-slideshow_swiper-wrapper swiper-wrapper\"><li class=\"wp-block-jetpack-slideshow_slide swiper-slide\"><figure><img data-recalc-dims=\"1\" loading=\"lazy\" decoding=\"async\" width=\"800\" height=\"445\" alt=\"\" class=\"wp-block-jetpack-slideshow_image wp-image-182363\" data-id=\"182363\" src=\"https:\/\/i0.wp.com\/cdnoticias.com\/wp-content\/uploads\/2025\/09\/114-aniversario-de-Recalde-00.jpg?resize=800%2C445&#038;ssl=1\" srcset=\"https:\/\/i0.wp.com\/cdnoticias.com\/wp-content\/uploads\/2025\/09\/114-aniversario-de-Recalde-00.jpg?w=1000&amp;ssl=1 1000w, https:\/\/i0.wp.com\/cdnoticias.com\/wp-content\/uploads\/2025\/09\/114-aniversario-de-Recalde-00.jpg?resize=300%2C167&amp;ssl=1 300w, https:\/\/i0.wp.com\/cdnoticias.com\/wp-content\/uploads\/2025\/09\/114-aniversario-de-Recalde-00.jpg?resize=768%2C427&amp;ssl=1 768w, https:\/\/i0.wp.com\/cdnoticias.com\/wp-content\/uploads\/2025\/09\/114-aniversario-de-Recalde-00.jpg?resize=800%2C445&amp;ssl=1 800w\" sizes=\"(max-width: 800px) 100vw, 800px\" \/><\/figure><\/li><li class=\"wp-block-jetpack-slideshow_slide swiper-slide\"><figure><img data-recalc-dims=\"1\" loading=\"lazy\" decoding=\"async\" width=\"800\" height=\"445\" alt=\"\" class=\"wp-block-jetpack-slideshow_image wp-image-182369\" data-id=\"182369\" src=\"https:\/\/i0.wp.com\/cdnoticias.com\/wp-content\/uploads\/2025\/09\/114-aniversario-de-Recalde-03.jpg?resize=800%2C445&#038;ssl=1\" srcset=\"https:\/\/i0.wp.com\/cdnoticias.com\/wp-content\/uploads\/2025\/09\/114-aniversario-de-Recalde-03.jpg?w=1000&amp;ssl=1 1000w, https:\/\/i0.wp.com\/cdnoticias.com\/wp-content\/uploads\/2025\/09\/114-aniversario-de-Recalde-03.jpg?resize=300%2C167&amp;ssl=1 300w, https:\/\/i0.wp.com\/cdnoticias.com\/wp-content\/uploads\/2025\/09\/114-aniversario-de-Recalde-03.jpg?resize=768%2C427&amp;ssl=1 768w, https:\/\/i0.wp.com\/cdnoticias.com\/wp-content\/uploads\/2025\/09\/114-aniversario-de-Recalde-03.jpg?resize=800%2C445&amp;ssl=1 800w\" sizes=\"(max-width: 800px) 100vw, 800px\" \/><\/figure><\/li><li class=\"wp-block-jetpack-slideshow_slide swiper-slide\"><figure><img data-recalc-dims=\"1\" loading=\"lazy\" decoding=\"async\" width=\"800\" height=\"445\" alt=\"\" class=\"wp-block-jetpack-slideshow_image wp-image-182368\" data-id=\"182368\" src=\"https:\/\/i0.wp.com\/cdnoticias.com\/wp-content\/uploads\/2025\/09\/114-aniversario-de-Recalde-04.jpg?resize=800%2C445&#038;ssl=1\" srcset=\"https:\/\/i0.wp.com\/cdnoticias.com\/wp-content\/uploads\/2025\/09\/114-aniversario-de-Recalde-04.jpg?w=1000&amp;ssl=1 1000w, https:\/\/i0.wp.com\/cdnoticias.com\/wp-content\/uploads\/2025\/09\/114-aniversario-de-Recalde-04.jpg?resize=300%2C167&amp;ssl=1 300w, https:\/\/i0.wp.com\/cdnoticias.com\/wp-content\/uploads\/2025\/09\/114-aniversario-de-Recalde-04.jpg?resize=768%2C427&amp;ssl=1 768w, https:\/\/i0.wp.com\/cdnoticias.com\/wp-content\/uploads\/2025\/09\/114-aniversario-de-Recalde-04.jpg?resize=800%2C445&amp;ssl=1 800w\" sizes=\"(max-width: 800px) 100vw, 800px\" \/><\/figure><\/li><li class=\"wp-block-jetpack-slideshow_slide swiper-slide\"><figure><img data-recalc-dims=\"1\" loading=\"lazy\" decoding=\"async\" width=\"800\" height=\"445\" alt=\"\" class=\"wp-block-jetpack-slideshow_image wp-image-182367\" data-id=\"182367\" src=\"https:\/\/i0.wp.com\/cdnoticias.com\/wp-content\/uploads\/2025\/09\/114-aniversario-de-Recalde-06.jpg?resize=800%2C445&#038;ssl=1\" srcset=\"https:\/\/i0.wp.com\/cdnoticias.com\/wp-content\/uploads\/2025\/09\/114-aniversario-de-Recalde-06.jpg?w=1000&amp;ssl=1 1000w, https:\/\/i0.wp.com\/cdnoticias.com\/wp-content\/uploads\/2025\/09\/114-aniversario-de-Recalde-06.jpg?resize=300%2C167&amp;ssl=1 300w, https:\/\/i0.wp.com\/cdnoticias.com\/wp-content\/uploads\/2025\/09\/114-aniversario-de-Recalde-06.jpg?resize=768%2C427&amp;ssl=1 768w, https:\/\/i0.wp.com\/cdnoticias.com\/wp-content\/uploads\/2025\/09\/114-aniversario-de-Recalde-06.jpg?resize=800%2C445&amp;ssl=1 800w\" sizes=\"(max-width: 800px) 100vw, 800px\" \/><\/figure><\/li><li class=\"wp-block-jetpack-slideshow_slide swiper-slide\"><figure><img data-recalc-dims=\"1\" loading=\"lazy\" decoding=\"async\" width=\"800\" height=\"445\" alt=\"\" class=\"wp-block-jetpack-slideshow_image wp-image-182366\" data-id=\"182366\" src=\"https:\/\/i0.wp.com\/cdnoticias.com\/wp-content\/uploads\/2025\/09\/114-aniversario-de-Recalde-07.jpg?resize=800%2C445&#038;ssl=1\" srcset=\"https:\/\/i0.wp.com\/cdnoticias.com\/wp-content\/uploads\/2025\/09\/114-aniversario-de-Recalde-07.jpg?w=1000&amp;ssl=1 1000w, https:\/\/i0.wp.com\/cdnoticias.com\/wp-content\/uploads\/2025\/09\/114-aniversario-de-Recalde-07.jpg?resize=300%2C167&amp;ssl=1 300w, https:\/\/i0.wp.com\/cdnoticias.com\/wp-content\/uploads\/2025\/09\/114-aniversario-de-Recalde-07.jpg?resize=768%2C427&amp;ssl=1 768w, https:\/\/i0.wp.com\/cdnoticias.com\/wp-content\/uploads\/2025\/09\/114-aniversario-de-Recalde-07.jpg?resize=800%2C445&amp;ssl=1 800w\" sizes=\"(max-width: 800px) 100vw, 800px\" \/><\/figure><\/li><li class=\"wp-block-jetpack-slideshow_slide swiper-slide\"><figure><img data-recalc-dims=\"1\" loading=\"lazy\" decoding=\"async\" width=\"800\" height=\"445\" alt=\"\" class=\"wp-block-jetpack-slideshow_image wp-image-182365\" data-id=\"182365\" src=\"https:\/\/i0.wp.com\/cdnoticias.com\/wp-content\/uploads\/2025\/09\/114-aniversario-de-Recalde-01.jpg?resize=800%2C445&#038;ssl=1\" srcset=\"https:\/\/i0.wp.com\/cdnoticias.com\/wp-content\/uploads\/2025\/09\/114-aniversario-de-Recalde-01.jpg?w=1000&amp;ssl=1 1000w, https:\/\/i0.wp.com\/cdnoticias.com\/wp-content\/uploads\/2025\/09\/114-aniversario-de-Recalde-01.jpg?resize=300%2C167&amp;ssl=1 300w, https:\/\/i0.wp.com\/cdnoticias.com\/wp-content\/uploads\/2025\/09\/114-aniversario-de-Recalde-01.jpg?resize=768%2C427&amp;ssl=1 768w, https:\/\/i0.wp.com\/cdnoticias.com\/wp-content\/uploads\/2025\/09\/114-aniversario-de-Recalde-01.jpg?resize=800%2C445&amp;ssl=1 800w\" sizes=\"(max-width: 800px) 100vw, 800px\" \/><\/figure><\/li><li class=\"wp-block-jetpack-slideshow_slide swiper-slide\"><figure><img data-recalc-dims=\"1\" loading=\"lazy\" decoding=\"async\" width=\"800\" height=\"445\" alt=\"\" class=\"wp-block-jetpack-slideshow_image wp-image-182364\" data-id=\"182364\" src=\"https:\/\/i0.wp.com\/cdnoticias.com\/wp-content\/uploads\/2025\/09\/114-aniversario-de-Recalde-02.jpg?resize=800%2C445&#038;ssl=1\" srcset=\"https:\/\/i0.wp.com\/cdnoticias.com\/wp-content\/uploads\/2025\/09\/114-aniversario-de-Recalde-02.jpg?w=1000&amp;ssl=1 1000w, https:\/\/i0.wp.com\/cdnoticias.com\/wp-content\/uploads\/2025\/09\/114-aniversario-de-Recalde-02.jpg?resize=300%2C167&amp;ssl=1 300w, https:\/\/i0.wp.com\/cdnoticias.com\/wp-content\/uploads\/2025\/09\/114-aniversario-de-Recalde-02.jpg?resize=768%2C427&amp;ssl=1 768w, https:\/\/i0.wp.com\/cdnoticias.com\/wp-content\/uploads\/2025\/09\/114-aniversario-de-Recalde-02.jpg?resize=800%2C445&amp;ssl=1 800w\" sizes=\"(max-width: 800px) 100vw, 800px\" \/><\/figure><\/li><\/ul><a class=\"wp-block-jetpack-slideshow_button-prev swiper-button-prev swiper-button-white\" role=\"button\"><\/a><a class=\"wp-block-jetpack-slideshow_button-next swiper-button-next swiper-button-white\" role=\"button\"><\/a><a aria-label=\"Pause Slideshow\" class=\"wp-block-jetpack-slideshow_button-pause\" role=\"button\"><\/a><div class=\"wp-block-jetpack-slideshow_pagination swiper-pagination swiper-pagination-white\"><\/div><\/div><\/div>\n","protected":false},"excerpt":{"rendered":"<p>Fue en la jornada de este domingo y cont\u00f3 con la presencia del Intendente Maximiliano Wesner. Importante asistencia para disfrutar<\/p>\n","protected":false},"author":4,"featured_media":182367,"comment_status":"closed","ping_status":"closed","sticky":false,"template":"","format":"standard","meta":{"_jetpack_memberships_contains_paid_content":false,"footnotes":""},"categories":[9,1],"tags":[],"class_list":["post-182362","post","type-post","status-publish","format-standard","has-post-thumbnail","hentry","category-cultura","category-portada"],"jetpack_featured_media_url":"https:\/\/i0.wp.com\/cdnoticias.com\/wp-content\/uploads\/2025\/09\/114-aniversario-de-Recalde-06.jpg?fit=1000%2C556&ssl=1","jetpack_sharing_enabled":true,"_links":{"self":[{"href":"https:\/\/cdnoticias.com\/index.php\/wp-json\/wp\/v2\/posts\/182362","targetHints":{"allow":["GET"]}}],"collection":[{"href":"https:\/\/cdnoticias.com\/index.php\/wp-json\/wp\/v2\/posts"}],"about":[{"href":"https:\/\/cdnoticias.com\/index.php\/wp-json\/wp\/v2\/types\/post"}],"author":[{"embeddable":true,"href":"https:\/\/cdnoticias.com\/index.php\/wp-json\/wp\/v2\/users\/4"}],"replies":[{"embeddable":true,"href":"https:\/\/cdnoticias.com\/index.php\/wp-json\/wp\/v2\/comments?post=182362"}],"version-history":[{"count":0,"href":"https:\/\/cdnoticias.com\/index.php\/wp-json\/wp\/v2\/posts\/182362\/revisions"}],"wp:featuredmedia":[{"embeddable":true,"href":"https:\/\/cdnoticias.com\/index.php\/wp-json\/wp\/v2\/media\/182367"}],"wp:attachment":[{"href":"https:\/\/cdnoticias.com\/index.php\/wp-json\/wp\/v2\/media?parent=182362"}],"wp:term":[{"taxonomy":"category","embeddable":true,"href":"https:\/\/cdnoticias.com\/index.php\/wp-json\/wp\/v2\/categories?post=182362"},{"taxonomy":"post_tag","embeddable":true,"href":"https:\/\/cdnoticias.com\/index.php\/wp-json\/wp\/v2\/tags?post=182362"}],"curies":[{"name":"wp","href":"https:\/\/api.w.org\/{rel}","templated":true}]}}