{"id":182359,"date":"2025-09-15T17:30:37","date_gmt":"2025-09-15T20:30:37","guid":{"rendered":"https:\/\/cdnoticias.com\/?p=182359"},"modified":"2025-09-15T17:30:39","modified_gmt":"2025-09-15T20:30:39","slug":"curso-de-fotografia-de-productos-para-redes-sociales-y-catalogos","status":"publish","type":"post","link":"https:\/\/cdnoticias.com\/index.php\/2025\/09\/15\/curso-de-fotografia-de-productos-para-redes-sociales-y-catalogos\/","title":{"rendered":"Curso de Fotograf\u00eda de productos para redes sociales y cat\u00e1logos"},"content":{"rendered":"<p>Es una propuesta de la Facultad de Ciencias Sociales destinada a emprendedores y peque\u00f1os comerciantes. La inscripci\u00f3n ya est\u00e1 abierta.<!--more--><\/p>\n<hr \/>\n<p>A partir de <strong>fines de septiembre<\/strong> la<strong> Facultad de Ciencias Sociales<\/strong> ofrecer\u00e1 una propuesta <strong>destinada a emprendedores y peque\u00f1os comerciantes<\/strong> para realizar <strong>fotograf\u00edas de sus productos para redes sociales, cat\u00e1logos o ventas online<\/strong>.<\/p>\n<p>La Facultad de Ciencias Sociales ofrecer\u00e1 un nuevo curso de fotograf\u00eda <strong>a cargo del Prof. Dante Lartirigoyen<\/strong>, que en esta oportunidad brindar\u00e1 herramientas para fotografiar productos a difundir en redes sociales y cat\u00e1logos.<\/p>\n<p>&#8220;La imagen de los productos constituye un <strong>factor determinante en la decisi\u00f3n de compra de los consumidores<\/strong>, especialmente en entornos digitales donde la fotograf\u00eda es, en muchos casos, el primer contacto con los\/as clientes&#8221; se destac\u00f3.<\/p>\n<blockquote>\n<p>El objetivo del curso es brindar a los\/as microemprendedores las herramientas te\u00f3rico-pr\u00e1cticas necesarias para realizar fotograf\u00edas de productos utilizando tel\u00e9fonos celulares y c\u00e1maras digitales b\u00e1sicas, con el fin de mejorar la presentaci\u00f3n visual de sus emprendimientos y fortalecer su posicionamiento en el mercado.<\/p>\n<\/blockquote>\n<p>El curso <strong>est\u00e1 destinado a emprendedores y peque\u00f1os comerciantes que necesiten mejorar las fotos<\/strong> de sus productos para redes sociales, cat\u00e1logos o ventas online. Para el mismo <strong>no se requieren conocimientos previos en fotograf\u00eda<\/strong>.<\/p>\n<h4>Requisitos:<\/h4>\n<ul>\n<li>Contar con smartphone con c\u00e1mara o c\u00e1mara fotogr\u00e1fica digital.<\/li>\n<li>Tener acceso a un dispositivo para tomar notas (opcional).<\/li>\n<\/ul>\n<p>La propuesta se desarrollar\u00e1<strong> en modalidad presencial en el Centro Cultural Universitario<\/strong>, ubicado en <strong>San Mart\u00edn 1955<\/strong>. El inicio del taller <strong>est\u00e1 previsto para el viernes 26 de septiembre a las 14 hs<\/strong>, con una duraci\u00f3n total de 12 encuentros de 2 horas cada uno.<\/p>\n<p>\u00a0<\/p>\n<p>Por costos e inscripci\u00f3n <a href=\"http:\/\/www.soc.unicen.edu.ar\" target=\"_blank\" rel=\"noopener\">ingresar a www.soc.unicen.edu.ar<\/a><\/p>\n\n\n<p><\/p>\n","protected":false},"excerpt":{"rendered":"<p>Es una propuesta de la Facultad de Ciencias Sociales destinada a emprendedores y peque\u00f1os comerciantes. La inscripci\u00f3n ya est\u00e1 abierta.<\/p>\n","protected":false},"author":4,"featured_media":182360,"comment_status":"closed","ping_status":"closed","sticky":false,"template":"","format":"standard","meta":{"_jetpack_memberships_contains_paid_content":false,"footnotes":""},"categories":[5,1],"tags":[],"class_list":["post-182359","post","type-post","status-publish","format-standard","has-post-thumbnail","hentry","category-informacion-general","category-portada"],"jetpack_featured_media_url":"https:\/\/i0.wp.com\/cdnoticias.com\/wp-content\/uploads\/2025\/09\/Curso-Foto-fotografo.jpg?fit=1000%2C692&ssl=1","jetpack_sharing_enabled":true,"_links":{"self":[{"href":"https:\/\/cdnoticias.com\/index.php\/wp-json\/wp\/v2\/posts\/182359","targetHints":{"allow":["GET"]}}],"collection":[{"href":"https:\/\/cdnoticias.com\/index.php\/wp-json\/wp\/v2\/posts"}],"about":[{"href":"https:\/\/cdnoticias.com\/index.php\/wp-json\/wp\/v2\/types\/post"}],"author":[{"embeddable":true,"href":"https:\/\/cdnoticias.com\/index.php\/wp-json\/wp\/v2\/users\/4"}],"replies":[{"embeddable":true,"href":"https:\/\/cdnoticias.com\/index.php\/wp-json\/wp\/v2\/comments?post=182359"}],"version-history":[{"count":0,"href":"https:\/\/cdnoticias.com\/index.php\/wp-json\/wp\/v2\/posts\/182359\/revisions"}],"wp:featuredmedia":[{"embeddable":true,"href":"https:\/\/cdnoticias.com\/index.php\/wp-json\/wp\/v2\/media\/182360"}],"wp:attachment":[{"href":"https:\/\/cdnoticias.com\/index.php\/wp-json\/wp\/v2\/media?parent=182359"}],"wp:term":[{"taxonomy":"category","embeddable":true,"href":"https:\/\/cdnoticias.com\/index.php\/wp-json\/wp\/v2\/categories?post=182359"},{"taxonomy":"post_tag","embeddable":true,"href":"https:\/\/cdnoticias.com\/index.php\/wp-json\/wp\/v2\/tags?post=182359"}],"curies":[{"name":"wp","href":"https:\/\/api.w.org\/{rel}","templated":true}]}}