{"id":182350,"date":"2025-09-15T08:33:10","date_gmt":"2025-09-15T11:33:10","guid":{"rendered":"https:\/\/cdnoticias.com\/?p=182350"},"modified":"2025-09-15T09:51:36","modified_gmt":"2025-09-15T12:51:36","slug":"bloqueo-antirrabico-ante-la-deteccion-de-un-caso-positivo-de-rabia","status":"publish","type":"post","link":"https:\/\/cdnoticias.com\/index.php\/2025\/09\/15\/bloqueo-antirrabico-ante-la-deteccion-de-un-caso-positivo-de-rabia\/","title":{"rendered":"Bloqueo antirr\u00e1bico ante la detecci\u00f3n de un caso positivo de rabia"},"content":{"rendered":"<p>Se llevar\u00e1 a cabo este martes por la ma\u00f1ana entre Alsina, \u00c1lvaro Barros, Moreno y Dorrego. Colaborar\u00e1 el personal de Zoonosis Rurales de Provincia de Buenos Aires.<!--more--><\/p>\n<hr \/>\n<p>Desde la <strong>Direcci\u00f3n Veterinaria del Municipio<\/strong> se inform\u00f3 que este <strong>martes 16 de septiembre por la ma\u00f1ana<\/strong> se desplegar\u00e1 un <strong>operativo de bloqueo ante la detecci\u00f3n de un caso positivo de rabia en un murci\u00e9lago<\/strong>.<\/p>\n<blockquote><p>El dispositivo, que se iniciar\u00e1 alrededor de las 9 horas, abarcar\u00e1 el sector comprendido por las calles Alsina, \u00c1lvaro Barros, Moreno y Dorrego. El personal estar\u00e1 debidamente identificado.<\/p><\/blockquote>\n<p>En la ocasi\u00f3n el operativo contar\u00e1 con la <strong>colaboraci\u00f3n de personal de Zoonosis Rurales de la provincia de Buenos Aires<\/strong>.<\/p>\n<p><img data-recalc-dims=\"1\" loading=\"lazy\" decoding=\"async\" class=\"alignnone size-full wp-image-117538 aligncenter\" src=\"https:\/\/i0.wp.com\/cdnoticias.com\/wp-content\/uploads\/2024\/06\/vacunacion-antirrabica-perro-00.jpg?resize=800%2C445&#038;ssl=1\" alt=\"\" width=\"800\" height=\"445\" srcset=\"https:\/\/i0.wp.com\/cdnoticias.com\/wp-content\/uploads\/2024\/06\/vacunacion-antirrabica-perro-00.jpg?w=800&amp;ssl=1 800w, https:\/\/i0.wp.com\/cdnoticias.com\/wp-content\/uploads\/2024\/06\/vacunacion-antirrabica-perro-00.jpg?resize=300%2C167&amp;ssl=1 300w, https:\/\/i0.wp.com\/cdnoticias.com\/wp-content\/uploads\/2024\/06\/vacunacion-antirrabica-perro-00.jpg?resize=768%2C427&amp;ssl=1 768w\" sizes=\"auto, (max-width: 800px) 100vw, 800px\" \/><\/p>\n<blockquote><p>Las tareas consistir\u00e1n en un dispositivo puerta a puerta para aplicar la vacunaci\u00f3n antirr\u00e1bica a cada animal (gatos y perros), aunque los mismos tengan la vacuna antirr\u00e1bica vigente.<\/p><\/blockquote>\n<p>Se solicitar\u00e1 a cada vecino y vecina que colabore <strong>acercando a los animales a la puerta del domicilio con collar y correa y los gatos en un bolso transportador<\/strong> o envueltos en una manta.<\/p>\n<p>Adem\u00e1s, se record\u00f3 que, <a href=\"https:\/\/cdnoticias.com\/index.php\/2025\/09\/12\/murcielagos-en-la-ciudad-prevencion-y-cuidados\/\" target=\"_blank\" rel=\"noopener\">si se observa un murci\u00e9lago ca\u00eddo o herido<\/a>, en caso de poder recogerlo utilizando las medidas de seguridad acorde para la tarea (uso de guantes), deber\u00e1 llevarlo al Centro Veterinario Municipal para su posterior an\u00e1lisis. Caso contrario llamar a los tel\u00e9fonos 2284-579825 lunes a viernes de 7:30 hs a 13:30 hs, en horario de tarde hasta las 19:00 hs comunicarse con Defensa Civil 2284 \u2013412509, 103. Luego de esos horarios mensaje al programa \u201cVER\u201d, 2284 544817.<\/p>\n<blockquote class=\"wp-embedded-content\" data-secret=\"lWz6f2LyVZ\"><p><a href=\"https:\/\/cdnoticias.com\/index.php\/2025\/09\/12\/murcielagos-en-la-ciudad-prevencion-y-cuidados\/\">Murci\u00e9lagos en la ciudad: prevenci\u00f3n y cuidados<\/a><\/p><\/blockquote>\n<p><iframe loading=\"lazy\" class=\"wp-embedded-content\" sandbox=\"allow-scripts\" security=\"restricted\" style=\"position: absolute; visibility: hidden;\" title=\"&#8220;Murci\u00e9lagos en la ciudad: prevenci\u00f3n y cuidados&#8221; &#8212; Central de Noticias | Olavarr\u00eda\" src=\"https:\/\/cdnoticias.com\/index.php\/2025\/09\/12\/murcielagos-en-la-ciudad-prevencion-y-cuidados\/embed\/#?secret=bYQCQN6GoH#?secret=lWz6f2LyVZ\" data-secret=\"lWz6f2LyVZ\" width=\"600\" height=\"338\" frameborder=\"0\" marginwidth=\"0\" marginheight=\"0\" scrolling=\"no\"><\/iframe><\/p>\n","protected":false},"excerpt":{"rendered":"<p>Se llevar\u00e1 a cabo este martes por la ma\u00f1ana entre Alsina, \u00c1lvaro Barros, Moreno y Dorrego. Colaborar\u00e1 el personal de<\/p>\n","protected":false},"author":4,"featured_media":66336,"comment_status":"closed","ping_status":"closed","sticky":false,"template":"","format":"standard","meta":{"_jetpack_memberships_contains_paid_content":false,"footnotes":""},"categories":[5,1],"tags":[],"class_list":["post-182350","post","type-post","status-publish","format-standard","has-post-thumbnail","hentry","category-informacion-general","category-portada"],"jetpack_featured_media_url":"https:\/\/i0.wp.com\/cdnoticias.com\/wp-content\/uploads\/2022\/10\/murcielago.jpg?fit=800%2C445&ssl=1","jetpack_sharing_enabled":true,"_links":{"self":[{"href":"https:\/\/cdnoticias.com\/index.php\/wp-json\/wp\/v2\/posts\/182350","targetHints":{"allow":["GET"]}}],"collection":[{"href":"https:\/\/cdnoticias.com\/index.php\/wp-json\/wp\/v2\/posts"}],"about":[{"href":"https:\/\/cdnoticias.com\/index.php\/wp-json\/wp\/v2\/types\/post"}],"author":[{"embeddable":true,"href":"https:\/\/cdnoticias.com\/index.php\/wp-json\/wp\/v2\/users\/4"}],"replies":[{"embeddable":true,"href":"https:\/\/cdnoticias.com\/index.php\/wp-json\/wp\/v2\/comments?post=182350"}],"version-history":[{"count":0,"href":"https:\/\/cdnoticias.com\/index.php\/wp-json\/wp\/v2\/posts\/182350\/revisions"}],"wp:featuredmedia":[{"embeddable":true,"href":"https:\/\/cdnoticias.com\/index.php\/wp-json\/wp\/v2\/media\/66336"}],"wp:attachment":[{"href":"https:\/\/cdnoticias.com\/index.php\/wp-json\/wp\/v2\/media?parent=182350"}],"wp:term":[{"taxonomy":"category","embeddable":true,"href":"https:\/\/cdnoticias.com\/index.php\/wp-json\/wp\/v2\/categories?post=182350"},{"taxonomy":"post_tag","embeddable":true,"href":"https:\/\/cdnoticias.com\/index.php\/wp-json\/wp\/v2\/tags?post=182350"}],"curies":[{"name":"wp","href":"https:\/\/api.w.org\/{rel}","templated":true}]}}