{"id":182327,"date":"2025-09-14T18:05:16","date_gmt":"2025-09-14T21:05:16","guid":{"rendered":"https:\/\/cdnoticias.com\/?p=182327"},"modified":"2025-09-14T18:05:18","modified_gmt":"2025-09-14T21:05:18","slug":"el-consejo-escolar-convoca-a-acto-publico-para-designar-personal-auxiliar-3","status":"publish","type":"post","link":"https:\/\/cdnoticias.com\/index.php\/2025\/09\/14\/el-consejo-escolar-convoca-a-acto-publico-para-designar-personal-auxiliar-3\/","title":{"rendered":"El Consejo Escolar convoca a acto p\u00fablico para designar personal auxiliar"},"content":{"rendered":"\n<p>La cita ser\u00e1 el lunes 15 de septiembre a las 8.30 en la sede del Consejo Escolar. Se cubrir\u00e1 un cargo de portera en el Establecimiento PP N\u00b060.<\/p>\n\n\n\n<hr class=\"wp-block-separator aligncenter has-alpha-channel-opacity\"\/>\n\n\n\n<p>El Consejo Escolar inform\u00f3 que <strong>el lunes 15 de septiembre de 2025, a las 8.30 horas, se realizar\u00e1 un acto p\u00fablico presencial en las instalaciones del organismo para designar personal auxiliar reemplazante del listado 2025.<\/strong><\/p>\n\n\n\n<p>Durante la jornada<strong> se designar\u00e1 un cargo de portera en el Establecimiento PP N\u00b060, ubicado en Belgrano 1030, con un horario laboral de 7.30 a 13.30 horas. La designaci\u00f3n tendr\u00e1 vigencia hasta el 1 de octubre de 2025.<\/strong><\/p>\n\n\n\n<p>Desde el <strong>Consejo Escolar precisaron que s\u00f3lo podr\u00e1n designarse y tomar posesi\u00f3n del cargo aquellas personas que no cuenten con reemplazo activo <\/strong>al momento de la toma de posesi\u00f3n.<\/p>\n","protected":false},"excerpt":{"rendered":"<p>La cita ser\u00e1 el lunes 15 de septiembre a las 8.30 en la sede del Consejo Escolar. Se cubrir\u00e1 un<\/p>\n","protected":false},"author":2,"featured_media":113129,"comment_status":"closed","ping_status":"closed","sticky":false,"template":"","format":"standard","meta":{"_jetpack_memberships_contains_paid_content":false,"footnotes":""},"categories":[5,1],"tags":[],"class_list":["post-182327","post","type-post","status-publish","format-standard","has-post-thumbnail","hentry","category-informacion-general","category-portada"],"jetpack_featured_media_url":"https:\/\/i0.wp.com\/cdnoticias.com\/wp-content\/uploads\/2024\/04\/consejo-escolar.jpg?fit=1029%2C656&ssl=1","jetpack_sharing_enabled":true,"_links":{"self":[{"href":"https:\/\/cdnoticias.com\/index.php\/wp-json\/wp\/v2\/posts\/182327","targetHints":{"allow":["GET"]}}],"collection":[{"href":"https:\/\/cdnoticias.com\/index.php\/wp-json\/wp\/v2\/posts"}],"about":[{"href":"https:\/\/cdnoticias.com\/index.php\/wp-json\/wp\/v2\/types\/post"}],"author":[{"embeddable":true,"href":"https:\/\/cdnoticias.com\/index.php\/wp-json\/wp\/v2\/users\/2"}],"replies":[{"embeddable":true,"href":"https:\/\/cdnoticias.com\/index.php\/wp-json\/wp\/v2\/comments?post=182327"}],"version-history":[{"count":0,"href":"https:\/\/cdnoticias.com\/index.php\/wp-json\/wp\/v2\/posts\/182327\/revisions"}],"wp:featuredmedia":[{"embeddable":true,"href":"https:\/\/cdnoticias.com\/index.php\/wp-json\/wp\/v2\/media\/113129"}],"wp:attachment":[{"href":"https:\/\/cdnoticias.com\/index.php\/wp-json\/wp\/v2\/media?parent=182327"}],"wp:term":[{"taxonomy":"category","embeddable":true,"href":"https:\/\/cdnoticias.com\/index.php\/wp-json\/wp\/v2\/categories?post=182327"},{"taxonomy":"post_tag","embeddable":true,"href":"https:\/\/cdnoticias.com\/index.php\/wp-json\/wp\/v2\/tags?post=182327"}],"curies":[{"name":"wp","href":"https:\/\/api.w.org\/{rel}","templated":true}]}}