{"id":182312,"date":"2025-09-14T10:54:14","date_gmt":"2025-09-14T13:54:14","guid":{"rendered":"https:\/\/cdnoticias.com\/?p=182312"},"modified":"2025-09-14T10:54:16","modified_gmt":"2025-09-14T13:54:16","slug":"llega-el-festival-latinoamericano-de-cine-de-olavarria","status":"publish","type":"post","link":"https:\/\/cdnoticias.com\/index.php\/2025\/09\/14\/llega-el-festival-latinoamericano-de-cine-de-olavarria\/","title":{"rendered":"Llega el Festival Latinoamericano de Cine de Olavarr\u00eda"},"content":{"rendered":"\n<p>La tercera edici\u00f3n del FeLCO se realizar\u00e1 los d\u00edas 26, 27 y 28 de septiembre en el Teatro Municipal. Se proyectar\u00e1n largometrajes y cortometrajes. Adem\u00e1s habr\u00e1 charlas, producciones de estudiantes de escuelas secundarias, actividades accesibles para personas sordas y m\u00fasica en vivo.<\/p>\n\n\n\n<hr class=\"wp-block-separator aligncenter has-alpha-channel-opacity\"\/>\n\n\n\n<p>El pr\u00f3ximo<strong> viernes 26, s\u00e1bado 27 y domingo 28 de septiembre se realizar\u00e1 la tercera edici\u00f3n del Festival Latinoamericano de Cine de Olavarr\u00eda (FeLCO)<\/strong>. La principal novedad en esta ocasi\u00f3n es que el evento sum\u00f3 un d\u00eda m\u00e1s y la proyecci\u00f3n de largometrajes, adem\u00e1s de crear<strong> el m\u00f3dulo escuelas, destinado a que estudiantes de secundarias realicen video clips y video minuto. Anteriormente solamente inclu\u00eda cortometrajes. Todas las actividades son libres y gratuitas<\/strong>.<\/p>\n\n\n\n<blockquote class=\"wp-block-quote is-layout-flow wp-block-quote-is-layout-flow\">\n<p>Los asistentes podr\u00e1n ver producciones de ocho pa\u00edses que recorren diferentes g\u00e9neros y narrativas. A trav\u00e9s de una convocatoria abierta, realizadores y realizadores de Argentina, Chile, Brasil, Colombia, M\u00e9xico, Venezuela, Uruguay y Per\u00fa enviaron su material y quedaron seleccionados luego de una curadur\u00eda de m\u00e1s de 400 producciones.<\/p>\n<\/blockquote>\n\n\n\n<p>El jurado responsable de evaluar a los cortometrajes est\u00e1 integrado por Diego Trerotola, director del festival Asterico, programador docente y periodista especializado en cine; Meri Lucewicz, gestora cultural y productora; Paulo Soria, guionista, director y docente; Luc\u00eda Costa Saur\u00e9, comunicadora y creadora de contenido especializado en cine argentino; Mariano Gregorini, realizador audiovisual y Lola Beier de Francesco, directora de arte.<\/p>\n\n\n\n<figure class=\"wp-block-image size-large\"><img data-recalc-dims=\"1\" loading=\"lazy\" decoding=\"async\" width=\"800\" height=\"533\" src=\"https:\/\/i0.wp.com\/cdnoticias.com\/wp-content\/uploads\/2025\/09\/WhatsApp-Image-2025-09-13-at-12.28.08.jpeg?resize=800%2C533&#038;ssl=1\" alt=\"\" class=\"wp-image-182314\" srcset=\"https:\/\/i0.wp.com\/cdnoticias.com\/wp-content\/uploads\/2025\/09\/WhatsApp-Image-2025-09-13-at-12.28.08.jpeg?resize=1024%2C682&amp;ssl=1 1024w, https:\/\/i0.wp.com\/cdnoticias.com\/wp-content\/uploads\/2025\/09\/WhatsApp-Image-2025-09-13-at-12.28.08.jpeg?resize=300%2C200&amp;ssl=1 300w, https:\/\/i0.wp.com\/cdnoticias.com\/wp-content\/uploads\/2025\/09\/WhatsApp-Image-2025-09-13-at-12.28.08.jpeg?resize=768%2C512&amp;ssl=1 768w, https:\/\/i0.wp.com\/cdnoticias.com\/wp-content\/uploads\/2025\/09\/WhatsApp-Image-2025-09-13-at-12.28.08.jpeg?resize=1536%2C1023&amp;ssl=1 1536w, https:\/\/i0.wp.com\/cdnoticias.com\/wp-content\/uploads\/2025\/09\/WhatsApp-Image-2025-09-13-at-12.28.08.jpeg?resize=272%2C182&amp;ssl=1 272w, https:\/\/i0.wp.com\/cdnoticias.com\/wp-content\/uploads\/2025\/09\/WhatsApp-Image-2025-09-13-at-12.28.08.jpeg?w=1600&amp;ssl=1 1600w\" sizes=\"auto, (max-width: 800px) 100vw, 800px\" \/><\/figure>\n\n\n\n<p>En esta edici\u00f3n la selecci\u00f3n de largometrajes fue realizada desde la organizaci\u00f3n del FeLCO. &#8220;<em>Este es el inicio, la idea es que en pr\u00f3ximas ediciones la participaci\u00f3n de largos tambi\u00e9n sea por convocatoria abierta&#8221;<\/em> indic\u00f3 Sebasti\u00e1n Magallanes, director del Festival.<\/p>\n\n\n\n<blockquote class=\"wp-block-quote is-layout-flow wp-block-quote-is-layout-flow\">\n<p>&#8220;Estamos muy contentos por la recepci\u00f3n de esta edici\u00f3n. Esperamos tres d\u00edas cargados de mucho cine. Es fundamental el rol de los festivales y darle pantalla a muchas producciones que de otra manera no est\u00e1n accesibles para la mayor\u00eda de las audiencias&#8221; expresaron desde la organizaci\u00f3n.<\/p>\n<\/blockquote>\n\n\n\n<p>Si bien<strong> las actividades comenzar\u00e1n el viernes 26, la apertura oficial del FeLCO 2025 ser\u00e1 el s\u00e1bado 27 desde las 14:30 en el Teatro Municipal. Los m\u00fasicos Jwana y Lucho de la banda Caos acompa\u00f1ar\u00e1n el acto inicial y luego se dar\u00e1 lugar a la proyecci\u00f3n de cortos, charlas y largos.<\/strong><\/p>\n\n\n\n<p>Durante el segundo d\u00eda se podr\u00e1 escuchar las charlas sobre derecho de autor a cargo de Nicol\u00e1s Quinteros y Terror argentino junto al escritor Mat\u00edas Orta.<\/p>\n\n\n\n<p>El cierre de la jornada de proyecciones del s\u00e1bado <strong>tendr\u00e1 el estreno por primera vez en Argentina de la pel\u00edcula de terror brasile\u00f1o Predio Vazio del 2025 de Rodrigo Arag\u00e3o, uno de los principales referentes de ese g\u00e9nero del lim\u00edtrofe pa\u00eds.<\/strong><\/p>\n\n\n\n<p>Tambi\u00e9n se proyectar\u00e1 El Agr\u00f3nomo de Mart\u00edn Turnes, Vrutos de Miguel Bou, Bizarrofilia de Ayi Turzi y Los domingos mueren m\u00e1s personas de Iair Said.<\/p>\n\n\n\n<figure class=\"wp-block-image size-large\"><img data-recalc-dims=\"1\" loading=\"lazy\" decoding=\"async\" width=\"800\" height=\"533\" src=\"https:\/\/i0.wp.com\/cdnoticias.com\/wp-content\/uploads\/2025\/09\/WhatsApp-Image-2025-09-13-at-12.28.07.jpeg?resize=800%2C533&#038;ssl=1\" alt=\"\" class=\"wp-image-182315\" srcset=\"https:\/\/i0.wp.com\/cdnoticias.com\/wp-content\/uploads\/2025\/09\/WhatsApp-Image-2025-09-13-at-12.28.07.jpeg?resize=1024%2C682&amp;ssl=1 1024w, https:\/\/i0.wp.com\/cdnoticias.com\/wp-content\/uploads\/2025\/09\/WhatsApp-Image-2025-09-13-at-12.28.07.jpeg?resize=300%2C200&amp;ssl=1 300w, https:\/\/i0.wp.com\/cdnoticias.com\/wp-content\/uploads\/2025\/09\/WhatsApp-Image-2025-09-13-at-12.28.07.jpeg?resize=768%2C512&amp;ssl=1 768w, https:\/\/i0.wp.com\/cdnoticias.com\/wp-content\/uploads\/2025\/09\/WhatsApp-Image-2025-09-13-at-12.28.07.jpeg?resize=1536%2C1023&amp;ssl=1 1536w, https:\/\/i0.wp.com\/cdnoticias.com\/wp-content\/uploads\/2025\/09\/WhatsApp-Image-2025-09-13-at-12.28.07.jpeg?resize=272%2C182&amp;ssl=1 272w, https:\/\/i0.wp.com\/cdnoticias.com\/wp-content\/uploads\/2025\/09\/WhatsApp-Image-2025-09-13-at-12.28.07.jpeg?w=1600&amp;ssl=1 1600w\" sizes=\"auto, (max-width: 800px) 100vw, 800px\" \/><\/figure>\n\n\n\n<p>Al igual que en la edici\u00f3n anterior, <strong>habr\u00e1 proyecciones accesibles para personas sordas.<\/strong><\/p>\n\n\n\n<p>El d\u00eda domingo, luego de las proyecciones se realizar\u00e1 la entrega de premios y el cierre musical junto al Valent\u00edn Reiners Grupo, con un repertorio de jazz a cargo de Ines Maddio, Silvio Manuel, Ingrid Feniger, Eunice Rodr\u00edguez, Ruth Angeletti, Nicolas, Burgart, Mateo Aguiznaga, Valent\u00edn Reiners, Ignacio Montoya Carlotto, Aitor Erguy y Samuel Carbajal.<\/p>\n\n\n\n<p><strong>Los galardones que se entregar\u00e1n fueron realizados por la Escuela Municipal de Orfebrer\u00eda a cargo de Jano Chasman<\/strong>.<\/p>\n\n\n\n<p><strong>Toda la programaci\u00f3n del FeLCO 2025, actividades y anuncios se pueden encontrar en Instagram<\/strong> @festivaldecineolavarria (https:\/\/www.instagram.com\/festivaldecineolavarria) y en el sitio web oficial https:\/\/festivaldecineolavarria.com.ar\/<\/p>\n\n\n\n<p>Esta edici\u00f3n cuenta con el apoyo del Municipio de Olavarr\u00eda, el CECO Olavarr\u00eda, el Instituto Cultural de la Provincia de Buenos Aires, la Facultad de Ciencias Sociales de Olavarr\u00eda, Black Mandala Films, Flixxo y Caf\u00e9 Vega.<\/p>\n","protected":false},"excerpt":{"rendered":"<p>La tercera edici\u00f3n del FeLCO se realizar\u00e1 los d\u00edas 26, 27 y 28 de septiembre en el Teatro Municipal. Se<\/p>\n","protected":false},"author":2,"featured_media":182313,"comment_status":"closed","ping_status":"closed","sticky":false,"template":"","format":"standard","meta":{"_jetpack_memberships_contains_paid_content":false,"footnotes":""},"categories":[9,1],"tags":[],"class_list":["post-182312","post","type-post","status-publish","format-standard","has-post-thumbnail","hentry","category-cultura","category-portada"],"jetpack_featured_media_url":"https:\/\/i0.wp.com\/cdnoticias.com\/wp-content\/uploads\/2025\/09\/WhatsApp-Image-2025-09-13-at-12.28.08-1.jpeg?fit=1500%2C1000&ssl=1","jetpack_sharing_enabled":true,"_links":{"self":[{"href":"https:\/\/cdnoticias.com\/index.php\/wp-json\/wp\/v2\/posts\/182312","targetHints":{"allow":["GET"]}}],"collection":[{"href":"https:\/\/cdnoticias.com\/index.php\/wp-json\/wp\/v2\/posts"}],"about":[{"href":"https:\/\/cdnoticias.com\/index.php\/wp-json\/wp\/v2\/types\/post"}],"author":[{"embeddable":true,"href":"https:\/\/cdnoticias.com\/index.php\/wp-json\/wp\/v2\/users\/2"}],"replies":[{"embeddable":true,"href":"https:\/\/cdnoticias.com\/index.php\/wp-json\/wp\/v2\/comments?post=182312"}],"version-history":[{"count":0,"href":"https:\/\/cdnoticias.com\/index.php\/wp-json\/wp\/v2\/posts\/182312\/revisions"}],"wp:featuredmedia":[{"embeddable":true,"href":"https:\/\/cdnoticias.com\/index.php\/wp-json\/wp\/v2\/media\/182313"}],"wp:attachment":[{"href":"https:\/\/cdnoticias.com\/index.php\/wp-json\/wp\/v2\/media?parent=182312"}],"wp:term":[{"taxonomy":"category","embeddable":true,"href":"https:\/\/cdnoticias.com\/index.php\/wp-json\/wp\/v2\/categories?post=182312"},{"taxonomy":"post_tag","embeddable":true,"href":"https:\/\/cdnoticias.com\/index.php\/wp-json\/wp\/v2\/tags?post=182312"}],"curies":[{"name":"wp","href":"https:\/\/api.w.org\/{rel}","templated":true}]}}