{"id":182309,"date":"2025-09-14T10:18:50","date_gmt":"2025-09-14T13:18:50","guid":{"rendered":"https:\/\/cdnoticias.com\/?p=182309"},"modified":"2025-09-14T11:50:41","modified_gmt":"2025-09-14T14:50:41","slug":"olavarria-participo-de-una-reunion-provincial-sobre-discapacidad","status":"publish","type":"post","link":"https:\/\/cdnoticias.com\/index.php\/2025\/09\/14\/olavarria-participo-de-una-reunion-provincial-sobre-discapacidad\/","title":{"rendered":"Olavarr\u00eda particip\u00f3 de una reuni\u00f3n provincial sobre discapacidad"},"content":{"rendered":"\n<p>Fue el pasado jueves, en una actividad organizada por el Consejo Provincial para las Personas con Discapacidad (COPRODIS). Estuvieron funcionarios provinciales y representaci\u00f3n local.<\/p>\n\n\n\n<hr class=\"wp-block-separator aligncenter has-alpha-channel-opacity\"\/>\n\n\n\n<p>El Municipio de Olavarr\u00eda inform\u00f3 que<strong> funcionarias locales participaron el \u00faltimo jueves de una reuni\u00f3n con referentes de Discapacidad de toda la Provincia de Buenos Aires, organizada por el Consejo Provincial para las Personas con Discapacidad (COPRODIS).<\/strong><\/p>\n\n\n\n<p>El encuentro se llev\u00f3 a cabo en el<strong> Centro Cultural Islas Malvinas de La Plata, encabezado por el ministro de Desarrollo de la Comunidad, Andr\u00e9s Larroque<\/strong>, junto a la diputada nacional Victoria Tolosa Paz y el intendente Julio Alak. De Olavarr\u00eda concurrieron la directora de Discapacidad, Laura Arbillaga, y la coordinadora Yamila Castro.<\/p>\n\n\n\n<p>La convocatoria tuvo como tema centra<strong>l la suspensi\u00f3n de pensiones no contributivas. En ese marco, se present\u00f3 un aplicativo desarrollado de manera conjunta entre el Ministerio de Desarrollo de la Comunidad y la Municipalidad de La Plata, que permitir\u00e1 registrar y documentar los casos de personas con discapacidad alcanzadas por estas medidas en los 135 municipios bonaerenses.<\/strong><\/p>\n\n\n\n<p>Durante la apertura, Larroque afirm\u00f3: <em>\u201cDesde el Estado provincial no solo sufrimos el ataque en materia de pensiones, tambi\u00e9n la Provincia est\u00e1 sometida a un recorte por parte del Gobierno nacional. Nos han quitado 12 billones de pesos\u201d.<\/em> Y agreg\u00f3: <em><strong>\u201cEsta reuni\u00f3n es para organizarnos, escucharnos y ponernos de pie frente a la ofensiva del Gobierno nacional. Tiene que ser una acci\u00f3n coordinada, que ponga un l\u00edmite y obligue a un cambio de postura. Una reflexi\u00f3n urgente y necesaria\u201d.<\/strong><\/em><\/p>\n\n\n\n<p>La jornada cont\u00f3 con la presencia del director provincial de Promoci\u00f3n de Derechos de Personas con Discapacidad, Ra\u00fal Lucero, autoridades provinciales y municipales, adem\u00e1s de representantes de asociaciones e instituciones vinculadas a la tem\u00e1tica.<\/p>\n\n\n\n<p>En el tramo final<strong>, Ayel\u00e9n Pino, directora provincial de Pol\u00edticas de Cuidados, y Florencia Espinosa, secretaria de Eficacia Administrativa e Informaci\u00f3n Estrat\u00e9gica de la Municipalidad de La Plata, presentaron el instructivo del aplicativo y explicaron su funcionamiento e implementaci\u00f3n en todo el territorio bonaerense.<\/strong><\/p>\n","protected":false},"excerpt":{"rendered":"<p>Fue el pasado jueves, en una actividad organizada por el Consejo Provincial para las Personas con Discapacidad (COPRODIS). Estuvieron funcionarios<\/p>\n","protected":false},"author":2,"featured_media":182310,"comment_status":"closed","ping_status":"closed","sticky":false,"template":"","format":"standard","meta":{"_jetpack_memberships_contains_paid_content":false,"footnotes":""},"categories":[5,1],"tags":[],"class_list":["post-182309","post","type-post","status-publish","format-standard","has-post-thumbnail","hentry","category-informacion-general","category-portada"],"jetpack_featured_media_url":"https:\/\/i0.wp.com\/cdnoticias.com\/wp-content\/uploads\/2025\/09\/a7e3005f-1042-4a1c-a813-746054310fb0-1024x768-1.jpeg?fit=1024%2C768&ssl=1","jetpack_sharing_enabled":true,"_links":{"self":[{"href":"https:\/\/cdnoticias.com\/index.php\/wp-json\/wp\/v2\/posts\/182309","targetHints":{"allow":["GET"]}}],"collection":[{"href":"https:\/\/cdnoticias.com\/index.php\/wp-json\/wp\/v2\/posts"}],"about":[{"href":"https:\/\/cdnoticias.com\/index.php\/wp-json\/wp\/v2\/types\/post"}],"author":[{"embeddable":true,"href":"https:\/\/cdnoticias.com\/index.php\/wp-json\/wp\/v2\/users\/2"}],"replies":[{"embeddable":true,"href":"https:\/\/cdnoticias.com\/index.php\/wp-json\/wp\/v2\/comments?post=182309"}],"version-history":[{"count":0,"href":"https:\/\/cdnoticias.com\/index.php\/wp-json\/wp\/v2\/posts\/182309\/revisions"}],"wp:featuredmedia":[{"embeddable":true,"href":"https:\/\/cdnoticias.com\/index.php\/wp-json\/wp\/v2\/media\/182310"}],"wp:attachment":[{"href":"https:\/\/cdnoticias.com\/index.php\/wp-json\/wp\/v2\/media?parent=182309"}],"wp:term":[{"taxonomy":"category","embeddable":true,"href":"https:\/\/cdnoticias.com\/index.php\/wp-json\/wp\/v2\/categories?post=182309"},{"taxonomy":"post_tag","embeddable":true,"href":"https:\/\/cdnoticias.com\/index.php\/wp-json\/wp\/v2\/tags?post=182309"}],"curies":[{"name":"wp","href":"https:\/\/api.w.org\/{rel}","templated":true}]}}