{"id":182306,"date":"2025-09-14T09:54:53","date_gmt":"2025-09-14T12:54:53","guid":{"rendered":"https:\/\/cdnoticias.com\/?p=182306"},"modified":"2025-09-14T11:38:21","modified_gmt":"2025-09-14T14:38:21","slug":"loma-negra-volvio-a-ganar-y-se-mete-en-la-discusion-por-la-punta-del-torneo-local","status":"publish","type":"post","link":"https:\/\/cdnoticias.com\/index.php\/2025\/09\/14\/loma-negra-volvio-a-ganar-y-se-mete-en-la-discusion-por-la-punta-del-torneo-local\/","title":{"rendered":"Loma Negra volvi\u00f3 a ganar y se mete en la discusi\u00f3n por la punta del Torneo Local"},"content":{"rendered":"\n<p>Fue superior a Recalde y se llev\u00f3 el encuentro como visitante por 3 a 1: sum\u00f3 su cuarto triunfo y se posiciona como uno de los contendientes del Torneo \u201cTito Alonso\u201d que transita su sexta fecha.<\/p>\n\n\n\n<hr class=\"wp-block-separator aligncenter has-alpha-channel-opacity\"\/>\n\n\n\n<p><em>Foto: Lola Fotograf\u00edas<\/em><\/p>\n\n\n\n<p>En el estadio Enrique De la Quintana, <strong>Loma Negra consigui\u00f3 una nueva victoria en el Torneo Oficial \u201cJos\u00e9 Antonio \u2018Tito\u2019 Alonso\u201d, en el marco de la sexta fecha que se disput\u00f3 este s\u00e1bado.<\/strong><\/p>\n\n\n\n<p>El <strong>\u201cCeleste\u201d se impuso por 3 a 1 ante Recalde y alcanz\u00f3 as\u00ed su cuarto triunfo en lo que va de la competencia organizada por la Liga de F\u00fatbol de Olavarr\u00eda.<\/strong><\/p>\n\n\n\n<p>En la primera parte, <strong>Gabriel Rivas<\/strong> abri\u00f3 el marcador para el equipo de Villa Alfredo Fortabat, que volvi\u00f3 a mostrar solidez en todas sus l\u00edneas. En el segundo tiempo,<strong> Juan Basterrica y Emiliano Piecenti ampliaron la diferencia y sentenciaron el resultado <\/strong>a favor del elenco conducido por Nicol\u00e1s Rosales.<\/p>\n\n\n\n<p>Recalde, que hizo de local en el De la Quintana, <strong>encontr\u00f3 el descuento a trav\u00e9s de Germ\u00e1n Vizca\u00edno<\/strong>, aunque no logr\u00f3 revertir el dominio del conjunto visitante.<\/p>\n\n\n\n<p>Con este resultado,<strong> Loma Negra sostiene su buen andar en el certamen y se mantiene entre los equipos protagonistas de la actual edici\u00f3n del Torneo Oficial.<\/strong><\/p>\n\n\n\n<p>Este domingo, en tanto,<strong> se jugar\u00e1n cuatro partidos para cerrar la sexta fecha de la Primera, <\/strong>mientras que el lunes se completar\u00e1 la fecha de Reserva con el partido entre Recalde y Loma Negra.<\/p>\n\n\n\n<p><strong>Los partidos del domingo:<\/strong><\/p>\n\n\n\n<p>13:00 horas &#8211; Municipales vs Colonias y Cerros<\/p>\n\n\n\n<p>13:00 horas &#8211; Estudiantes vs Espigas<\/p>\n\n\n\n<p>15:00 horas &#8211; Sierra Chica vs San Mart\u00edn (Sierras Bayas)<\/p>\n\n\n\n<p>15:30 horas &#8211; Embajadores vs Racing<\/p>\n","protected":false},"excerpt":{"rendered":"<p>Fue superior a Recalde y se llev\u00f3 el encuentro como visitante por 3 a 1: sum\u00f3 su cuarto triunfo y<\/p>\n","protected":false},"author":2,"featured_media":182307,"comment_status":"closed","ping_status":"closed","sticky":false,"template":"","format":"standard","meta":{"_jetpack_memberships_contains_paid_content":false,"footnotes":""},"categories":[29,35,1],"tags":[],"class_list":["post-182306","post","type-post","status-publish","format-standard","has-post-thumbnail","hentry","category-deportes","category-futbol","category-portada"],"jetpack_featured_media_url":"https:\/\/i0.wp.com\/cdnoticias.com\/wp-content\/uploads\/2025\/09\/loma-negra-recalde.jpg?fit=952%2C566&ssl=1","jetpack_sharing_enabled":true,"_links":{"self":[{"href":"https:\/\/cdnoticias.com\/index.php\/wp-json\/wp\/v2\/posts\/182306","targetHints":{"allow":["GET"]}}],"collection":[{"href":"https:\/\/cdnoticias.com\/index.php\/wp-json\/wp\/v2\/posts"}],"about":[{"href":"https:\/\/cdnoticias.com\/index.php\/wp-json\/wp\/v2\/types\/post"}],"author":[{"embeddable":true,"href":"https:\/\/cdnoticias.com\/index.php\/wp-json\/wp\/v2\/users\/2"}],"replies":[{"embeddable":true,"href":"https:\/\/cdnoticias.com\/index.php\/wp-json\/wp\/v2\/comments?post=182306"}],"version-history":[{"count":0,"href":"https:\/\/cdnoticias.com\/index.php\/wp-json\/wp\/v2\/posts\/182306\/revisions"}],"wp:featuredmedia":[{"embeddable":true,"href":"https:\/\/cdnoticias.com\/index.php\/wp-json\/wp\/v2\/media\/182307"}],"wp:attachment":[{"href":"https:\/\/cdnoticias.com\/index.php\/wp-json\/wp\/v2\/media?parent=182306"}],"wp:term":[{"taxonomy":"category","embeddable":true,"href":"https:\/\/cdnoticias.com\/index.php\/wp-json\/wp\/v2\/categories?post=182306"},{"taxonomy":"post_tag","embeddable":true,"href":"https:\/\/cdnoticias.com\/index.php\/wp-json\/wp\/v2\/tags?post=182306"}],"curies":[{"name":"wp","href":"https:\/\/api.w.org\/{rel}","templated":true}]}}