{"id":182300,"date":"2025-09-14T09:25:47","date_gmt":"2025-09-14T12:25:47","guid":{"rendered":"https:\/\/cdnoticias.com\/?p=182300"},"modified":"2025-09-14T09:25:48","modified_gmt":"2025-09-14T12:25:48","slug":"antonio-santo-fresta-q-e-p-d","status":"publish","type":"post","link":"https:\/\/cdnoticias.com\/index.php\/2025\/09\/14\/antonio-santo-fresta-q-e-p-d\/","title":{"rendered":"Antonio Santo Fresta (Q.E.P.D.)"},"content":{"rendered":"\n<hr class=\"wp-block-separator aligncenter has-alpha-channel-opacity\"\/>\n\n\n\n<p>Falleci\u00f3 en Olavarr\u00eda el 13 de septiembre de 2025 a los 93 a\u00f1os. Su esposa Hilda Raquel Geist. Sus hijos Pedro, Federico y Juan Esteban. Sus nietos Sof\u00eda, Pablo Agust\u00edn, Francisco, Nahuel, Leila y Brisa. Su bisnieto Donato. Sus hijas pol\u00edticas y dem\u00e1s deudos participan su fallecimiento.<\/p>\n\n\n\n<p>Sus restos ser\u00e1n velados en la Sala de Espa\u00f1a 2942 departamento \u201cD\u201d desde el domingo a las 08:00 horas hasta las 18:00 horas, con responso en la Capilla Ardiente, e inhumados en el Cementerio Loma de Paz este lunes 15 de septiembre a las 09:30 horas. Servicio adherido a Coopelectric.<\/p>\n\n\n\n<p>Nacido en Olavarr\u00eda, vecino de barrio Mariano Moreno, jubilado.<\/p>\n","protected":false},"excerpt":{"rendered":"<p>Falleci\u00f3 en Olavarr\u00eda el 13 de septiembre de 2025 a los 93 a\u00f1os. Su esposa Hilda Raquel Geist. Sus hijos<\/p>\n","protected":false},"author":2,"featured_media":100390,"comment_status":"closed","ping_status":"closed","sticky":false,"template":"","format":"standard","meta":{"_jetpack_memberships_contains_paid_content":false,"footnotes":""},"categories":[10],"tags":[],"class_list":["post-182300","post","type-post","status-publish","format-standard","has-post-thumbnail","hentry","category-necrologicas"],"jetpack_featured_media_url":"https:\/\/i0.wp.com\/cdnoticias.com\/wp-content\/uploads\/2023\/10\/necrologicas-390-x-240.jpg?fit=390%2C240&ssl=1","jetpack_sharing_enabled":true,"_links":{"self":[{"href":"https:\/\/cdnoticias.com\/index.php\/wp-json\/wp\/v2\/posts\/182300","targetHints":{"allow":["GET"]}}],"collection":[{"href":"https:\/\/cdnoticias.com\/index.php\/wp-json\/wp\/v2\/posts"}],"about":[{"href":"https:\/\/cdnoticias.com\/index.php\/wp-json\/wp\/v2\/types\/post"}],"author":[{"embeddable":true,"href":"https:\/\/cdnoticias.com\/index.php\/wp-json\/wp\/v2\/users\/2"}],"replies":[{"embeddable":true,"href":"https:\/\/cdnoticias.com\/index.php\/wp-json\/wp\/v2\/comments?post=182300"}],"version-history":[{"count":0,"href":"https:\/\/cdnoticias.com\/index.php\/wp-json\/wp\/v2\/posts\/182300\/revisions"}],"wp:featuredmedia":[{"embeddable":true,"href":"https:\/\/cdnoticias.com\/index.php\/wp-json\/wp\/v2\/media\/100390"}],"wp:attachment":[{"href":"https:\/\/cdnoticias.com\/index.php\/wp-json\/wp\/v2\/media?parent=182300"}],"wp:term":[{"taxonomy":"category","embeddable":true,"href":"https:\/\/cdnoticias.com\/index.php\/wp-json\/wp\/v2\/categories?post=182300"},{"taxonomy":"post_tag","embeddable":true,"href":"https:\/\/cdnoticias.com\/index.php\/wp-json\/wp\/v2\/tags?post=182300"}],"curies":[{"name":"wp","href":"https:\/\/api.w.org\/{rel}","templated":true}]}}