{"id":182297,"date":"2025-09-13T19:52:24","date_gmt":"2025-09-13T22:52:24","guid":{"rendered":"https:\/\/cdnoticias.com\/?p=182297"},"modified":"2025-09-14T09:55:05","modified_gmt":"2025-09-14T12:55:05","slug":"olavarria-celebra-la-cuarta-edicion-de-la-fiesta-por-el-dia-del-inmigrante","status":"publish","type":"post","link":"https:\/\/cdnoticias.com\/index.php\/2025\/09\/13\/olavarria-celebra-la-cuarta-edicion-de-la-fiesta-por-el-dia-del-inmigrante\/","title":{"rendered":"Olavarr\u00eda celebra la cuarta edici\u00f3n de la Fiesta por el D\u00eda del Inmigrante"},"content":{"rendered":"\n<p>Ser\u00e1 este domingo desde el mediod\u00eda con epicentro en el Centro Cultural &#8220;San Jos\u00e9&#8221;. Habr\u00e1 feria gastron\u00f3mica, espect\u00e1culos de danzas tradicionales y grupos musicales. <\/p>\n\n\n\n<hr class=\"wp-block-separator aligncenter has-alpha-channel-opacity\"\/>\n\n\n\n<p>Este <strong>domingo 14 de septiembre, de 12 a 20 horas, se realizar\u00e1 en el Centro Cultural \u201cSan Jos\u00e9\u201d la cuarta edici\u00f3n de la Fiesta por el D\u00eda del Inmigrante, organizada por el Municipio de Olavarr\u00eda junto a la Uni\u00f3n de Colectividades de la ciudad.<\/strong><\/p>\n\n\n\n<p>La propuesta busca rendir homenaje a las distintas ra\u00edces de inmigrantes que poblaron el Partido y <strong>contar\u00e1 con una feria gastron\u00f3mica al aire libre, con platos t\u00edpicos de las colectividades locales y la participaci\u00f3n de cerveceros. Durante toda la jornada habr\u00e1 espect\u00e1culos de danzas tradicionales y grupos musicales en el escenario principal.<\/strong><\/p>\n\n\n\n<p>El cronograma tambi\u00e9n contempla <strong>actividades en el auditorio del Centro Cultural, que incluir\u00e1n una muestra est\u00e1tica con objetos y vestimentas t\u00edpicas, talleres, presentaciones de libros y actuaciones de coros.<\/strong><\/p>\n","protected":false},"excerpt":{"rendered":"<p>Ser\u00e1 este domingo desde el mediod\u00eda con epicentro en el Centro Cultural &#8220;San Jos\u00e9&#8221;. Habr\u00e1 feria gastron\u00f3mica, espect\u00e1culos de danzas<\/p>\n","protected":false},"author":2,"featured_media":45244,"comment_status":"closed","ping_status":"closed","sticky":false,"template":"","format":"standard","meta":{"_jetpack_memberships_contains_paid_content":false,"footnotes":""},"categories":[9,1],"tags":[],"class_list":["post-182297","post","type-post","status-publish","format-standard","has-post-thumbnail","hentry","category-cultura","category-portada"],"jetpack_featured_media_url":"https:\/\/i0.wp.com\/cdnoticias.com\/wp-content\/uploads\/2022\/01\/KreppelFest-1024x678-1.jpg?fit=1024%2C678&ssl=1","jetpack_sharing_enabled":true,"_links":{"self":[{"href":"https:\/\/cdnoticias.com\/index.php\/wp-json\/wp\/v2\/posts\/182297","targetHints":{"allow":["GET"]}}],"collection":[{"href":"https:\/\/cdnoticias.com\/index.php\/wp-json\/wp\/v2\/posts"}],"about":[{"href":"https:\/\/cdnoticias.com\/index.php\/wp-json\/wp\/v2\/types\/post"}],"author":[{"embeddable":true,"href":"https:\/\/cdnoticias.com\/index.php\/wp-json\/wp\/v2\/users\/2"}],"replies":[{"embeddable":true,"href":"https:\/\/cdnoticias.com\/index.php\/wp-json\/wp\/v2\/comments?post=182297"}],"version-history":[{"count":0,"href":"https:\/\/cdnoticias.com\/index.php\/wp-json\/wp\/v2\/posts\/182297\/revisions"}],"wp:featuredmedia":[{"embeddable":true,"href":"https:\/\/cdnoticias.com\/index.php\/wp-json\/wp\/v2\/media\/45244"}],"wp:attachment":[{"href":"https:\/\/cdnoticias.com\/index.php\/wp-json\/wp\/v2\/media?parent=182297"}],"wp:term":[{"taxonomy":"category","embeddable":true,"href":"https:\/\/cdnoticias.com\/index.php\/wp-json\/wp\/v2\/categories?post=182297"},{"taxonomy":"post_tag","embeddable":true,"href":"https:\/\/cdnoticias.com\/index.php\/wp-json\/wp\/v2\/tags?post=182297"}],"curies":[{"name":"wp","href":"https:\/\/api.w.org\/{rel}","templated":true}]}}