{"id":182280,"date":"2025-09-13T10:50:04","date_gmt":"2025-09-13T13:50:04","guid":{"rendered":"https:\/\/cdnoticias.com\/?p=182280"},"modified":"2025-09-13T10:50:06","modified_gmt":"2025-09-13T13:50:06","slug":"la-camara-electoral-determino-que-fuerza-patria-se-ubique-en-el-centro-de-la-boleta-unica","status":"publish","type":"post","link":"https:\/\/cdnoticias.com\/index.php\/2025\/09\/13\/la-camara-electoral-determino-que-fuerza-patria-se-ubique-en-el-centro-de-la-boleta-unica\/","title":{"rendered":"La C\u00e1mara Electoral determin\u00f3 que Fuerza Patria se ubique en el centro de la boleta \u00fanica"},"content":{"rendered":"\n<p>Ser\u00e1 para las elecciones legislativas nacionales del pr\u00f3ximo 26 de octubre. La agrupaci\u00f3n quedar\u00e1 en el s\u00e9ptimo lugar de la papeleta.<\/p>\n\n\n\n<hr class=\"wp-block-separator aligncenter has-alpha-channel-opacity\"\/>\n\n\n\n<p>Tras un <strong>pedido de los apoderados de Fuerza Patria y el rechazo inicial de la Junta Electoral bonaerense, la C\u00e1mara Nacional Electoral resolvi\u00f3 reubicar a la fuerza pol\u00edtica en el s\u00e9ptimo lugar de la boleta \u00fanica de papel.<\/strong><\/p>\n\n\n\n<p>Los representantes hab\u00edan planteado que<strong> los colores asignados a \u201cFuerza Patria\u201d y \u201cLiber.ar\u201d no resultaban suficientes para diferenciarlos, dado que en el sorteo ambas agrupaciones hab\u00edan quedado ubicadas de manera contigua.<\/strong><\/p>\n\n\n\n<blockquote class=\"wp-block-quote is-layout-flow wp-block-quote-is-layout-flow\">\n<p>Por unanimidad, el tribunal evalu\u00f3 la razonabilidad del planteo y consider\u00f3 que se busca \u201cevitar la confusi\u00f3n en el electorado y asegurar que entre las distintas agrupaciones haya una n\u00edtida diferenciaci\u00f3n que permita a los sufragantes distinguir claramente entre las diferentes opciones\u201d.<\/p>\n<\/blockquote>\n\n\n\n<p>En la resoluci\u00f3n se agreg\u00f3 que, en este caso,<strong> qued\u00f3 un espacio vac\u00edo en la boleta y se verific\u00f3 la posibilidad de confusi\u00f3n en el electorado. Por ese motivo se revoc\u00f3 la sentencia apelada y se orden\u00f3 a la Junta Electoral Nacional colocar a Fuerza Patria en el s\u00e9ptimo lugar de la boleta \u00fanica de papel. <\/strong>Ese espacio hab\u00eda sido ocupado por el Partido Dem\u00f3crata Progresista, cuya participaci\u00f3n ha deca\u00eddo en este proceso electoral.<\/p>\n","protected":false},"excerpt":{"rendered":"<p>Ser\u00e1 para las elecciones legislativas nacionales del pr\u00f3ximo 26 de octubre. La agrupaci\u00f3n quedar\u00e1 en el s\u00e9ptimo lugar de la<\/p>\n","protected":false},"author":2,"featured_media":182282,"comment_status":"closed","ping_status":"closed","sticky":false,"template":"","format":"standard","meta":{"_jetpack_memberships_contains_paid_content":false,"footnotes":""},"categories":[6,1],"tags":[],"class_list":["post-182280","post","type-post","status-publish","format-standard","has-post-thumbnail","hentry","category-nacionales","category-portada"],"jetpack_featured_media_url":"https:\/\/i0.wp.com\/cdnoticias.com\/wp-content\/uploads\/2025\/09\/boleta-1.webp?fit=790%2C334&ssl=1","jetpack_sharing_enabled":true,"_links":{"self":[{"href":"https:\/\/cdnoticias.com\/index.php\/wp-json\/wp\/v2\/posts\/182280","targetHints":{"allow":["GET"]}}],"collection":[{"href":"https:\/\/cdnoticias.com\/index.php\/wp-json\/wp\/v2\/posts"}],"about":[{"href":"https:\/\/cdnoticias.com\/index.php\/wp-json\/wp\/v2\/types\/post"}],"author":[{"embeddable":true,"href":"https:\/\/cdnoticias.com\/index.php\/wp-json\/wp\/v2\/users\/2"}],"replies":[{"embeddable":true,"href":"https:\/\/cdnoticias.com\/index.php\/wp-json\/wp\/v2\/comments?post=182280"}],"version-history":[{"count":0,"href":"https:\/\/cdnoticias.com\/index.php\/wp-json\/wp\/v2\/posts\/182280\/revisions"}],"wp:featuredmedia":[{"embeddable":true,"href":"https:\/\/cdnoticias.com\/index.php\/wp-json\/wp\/v2\/media\/182282"}],"wp:attachment":[{"href":"https:\/\/cdnoticias.com\/index.php\/wp-json\/wp\/v2\/media?parent=182280"}],"wp:term":[{"taxonomy":"category","embeddable":true,"href":"https:\/\/cdnoticias.com\/index.php\/wp-json\/wp\/v2\/categories?post=182280"},{"taxonomy":"post_tag","embeddable":true,"href":"https:\/\/cdnoticias.com\/index.php\/wp-json\/wp\/v2\/tags?post=182280"}],"curies":[{"name":"wp","href":"https:\/\/api.w.org\/{rel}","templated":true}]}}