{"id":18226,"date":"2021-04-07T17:31:34","date_gmt":"2021-04-07T20:31:34","guid":{"rendered":"http:\/\/www.centraldenoticias.com.ar\/?p=18226"},"modified":"2021-04-07T17:31:34","modified_gmt":"2021-04-07T20:31:34","slug":"pami-aplico-en-la-jornada-120-segundas-dosis-de-sputnik-en-residencias-de-adultos-mayores","status":"publish","type":"post","link":"https:\/\/cdnoticias.com\/index.php\/2021\/04\/07\/pami-aplico-en-la-jornada-120-segundas-dosis-de-sputnik-en-residencias-de-adultos-mayores\/","title":{"rendered":"PAMI aplic\u00f3  en la jornada 120 segundas dosis de Sputnik en residencias de adultos mayores"},"content":{"rendered":"<p>En la jornada de este mi\u00e9rcoles se recorrieron 6 residencias de larga estad\u00eda.<!--more--><\/p>\n<hr \/>\n<p>Este mi\u00e9rcoles el operativo de vacunaci\u00f3n contra el COVID que lleva adelante <strong>PAMI recorri\u00f3 6 residencias de larga estad\u00eda de nuestra ciudad. Esas tareas permitieron que 120\u00a0 personas fueron inoculadas con la segunda dosis de la vacuna Sputnik.<\/strong><\/p>\n<p>&nbsp;<\/p>\n<p><img data-recalc-dims=\"1\" loading=\"lazy\" decoding=\"async\" class=\"alignnone size-large wp-image-18222\" src=\"https:\/\/i0.wp.com\/cdnoticias.com\/wp-content\/uploads\/2021\/04\/WhatsApp-Image-2021-04-07-at-12.12.45-1.jpeg?resize=800%2C480&#038;ssl=1\" alt=\"\" width=\"800\" height=\"480\" srcset=\"https:\/\/i0.wp.com\/cdnoticias.com\/wp-content\/uploads\/2021\/04\/WhatsApp-Image-2021-04-07-at-12.12.45-1.jpeg?resize=1024%2C614&amp;ssl=1 1024w, https:\/\/i0.wp.com\/cdnoticias.com\/wp-content\/uploads\/2021\/04\/WhatsApp-Image-2021-04-07-at-12.12.45-1.jpeg?resize=300%2C180&amp;ssl=1 300w, https:\/\/i0.wp.com\/cdnoticias.com\/wp-content\/uploads\/2021\/04\/WhatsApp-Image-2021-04-07-at-12.12.45-1.jpeg?resize=768%2C461&amp;ssl=1 768w, https:\/\/i0.wp.com\/cdnoticias.com\/wp-content\/uploads\/2021\/04\/WhatsApp-Image-2021-04-07-at-12.12.45-1.jpeg?w=1280&amp;ssl=1 1280w\" sizes=\"auto, (max-width: 800px) 100vw, 800px\" \/><\/p>\n<p>&nbsp;<\/p>\n<p>El operativo recorri\u00f3 el Hogar de Lorena ubicado en Hinojo, Hogar Suyai, Hogar Santa Ana, Hogar Neurocenter, Centro Neurocenter\u00a0 y Hogar Los Olivares.<strong> En total PAMI lleva vacunadas 1023 personas de Olavarr\u00eda y las localidades con la primera dosis de la vacuna contra el COVID y 215 ya recibieron los dos componentes.<\/strong><\/p>\n","protected":false},"excerpt":{"rendered":"<p>En la jornada de este mi\u00e9rcoles se recorrieron 6 residencias de larga estad\u00eda.<\/p>\n","protected":false},"author":3,"featured_media":18223,"comment_status":"closed","ping_status":"closed","sticky":false,"template":"","format":"standard","meta":{"_jetpack_memberships_contains_paid_content":false,"footnotes":""},"categories":[5,1],"tags":[],"class_list":["post-18226","post","type-post","status-publish","format-standard","has-post-thumbnail","hentry","category-informacion-general","category-portada"],"jetpack_featured_media_url":"https:\/\/i0.wp.com\/cdnoticias.com\/wp-content\/uploads\/2021\/04\/WhatsApp-Image-2021-04-07-at-12.12.43.jpeg?fit=1280%2C789&ssl=1","jetpack_sharing_enabled":true,"_links":{"self":[{"href":"https:\/\/cdnoticias.com\/index.php\/wp-json\/wp\/v2\/posts\/18226","targetHints":{"allow":["GET"]}}],"collection":[{"href":"https:\/\/cdnoticias.com\/index.php\/wp-json\/wp\/v2\/posts"}],"about":[{"href":"https:\/\/cdnoticias.com\/index.php\/wp-json\/wp\/v2\/types\/post"}],"author":[{"embeddable":true,"href":"https:\/\/cdnoticias.com\/index.php\/wp-json\/wp\/v2\/users\/3"}],"replies":[{"embeddable":true,"href":"https:\/\/cdnoticias.com\/index.php\/wp-json\/wp\/v2\/comments?post=18226"}],"version-history":[{"count":0,"href":"https:\/\/cdnoticias.com\/index.php\/wp-json\/wp\/v2\/posts\/18226\/revisions"}],"wp:featuredmedia":[{"embeddable":true,"href":"https:\/\/cdnoticias.com\/index.php\/wp-json\/wp\/v2\/media\/18223"}],"wp:attachment":[{"href":"https:\/\/cdnoticias.com\/index.php\/wp-json\/wp\/v2\/media?parent=18226"}],"wp:term":[{"taxonomy":"category","embeddable":true,"href":"https:\/\/cdnoticias.com\/index.php\/wp-json\/wp\/v2\/categories?post=18226"},{"taxonomy":"post_tag","embeddable":true,"href":"https:\/\/cdnoticias.com\/index.php\/wp-json\/wp\/v2\/tags?post=18226"}],"curies":[{"name":"wp","href":"https:\/\/api.w.org\/{rel}","templated":true}]}}