{"id":182238,"date":"2025-09-12T20:15:21","date_gmt":"2025-09-12T23:15:21","guid":{"rendered":"https:\/\/cdnoticias.com\/?p=182238"},"modified":"2025-09-13T09:35:44","modified_gmt":"2025-09-13T12:35:44","slug":"rent-all-se-expande-y-crece-al-ritmo-de-grandes-obras-vamos-donde-se-necesite-el-servicio","status":"publish","type":"post","link":"https:\/\/cdnoticias.com\/index.php\/2025\/09\/12\/rent-all-se-expande-y-crece-al-ritmo-de-grandes-obras-vamos-donde-se-necesite-el-servicio\/","title":{"rendered":"Rent-All se expande y crece al ritmo de grandes obras: \u201cvamos donde se necesite el servicio\u201d"},"content":{"rendered":"\n<p>La empresa lleva 15 a\u00f1os de antig\u00fcedad y un crecimiento constante, con un \u201cboom\u201d de los Parques E\u00f3licos que los llev\u00f3 a dar el gran salto. Cobertura en todo el pa\u00eds y la b\u00fasqueda de \u201cbrindar soluciones a cualquier problem\u00e1tica a la Industria, el Agro y la Construcci\u00f3n\u201d.<\/p>\n\n\n\n<hr class=\"wp-block-separator aligncenter has-alpha-channel-opacity\"\/>\n\n\n\n<p>La \u201chermana menor\u201d de Capitanich Construcciones, <strong>Rent-All, lleva 15 a\u00f1os de experiencia en Olavarr\u00eda, pensada para brindar todo tipo de soluciones a las empresas<\/strong> pero, adem\u00e1s, en un momento especial de su trayectoria: <strong>en plena expansi\u00f3n tras acompa\u00f1ar a las empresas constructoras de los Parques E\u00f3licos.<\/strong><\/p>\n\n\n\n<p>En una visita a sus oficinas de avenida Alberdi,<strong> la ingeniera civil y gerenta de operaciones Sof\u00eda de Las Heras dialog\u00f3 con Central de Noticias y adem\u00e1s de contar un poco de la historia, repas\u00f3 y resalt\u00f3 el prometedor presente que atraviesa Rent-All con un crecimiento sostenido y m\u00e1s de 100 contenedores de distinto tipo para alquilar a las empresas que as\u00ed lo deseen.<\/strong><\/p>\n\n\n\n<figure class=\"wp-block-image size-full\"><img data-recalc-dims=\"1\" loading=\"lazy\" decoding=\"async\" width=\"800\" height=\"531\" src=\"https:\/\/i0.wp.com\/cdnoticias.com\/wp-content\/uploads\/2025\/09\/Rent-All-Olavarria-08.jpg?resize=800%2C531&#038;ssl=1\" alt=\"\" class=\"wp-image-182244\" srcset=\"https:\/\/i0.wp.com\/cdnoticias.com\/wp-content\/uploads\/2025\/09\/Rent-All-Olavarria-08.jpg?w=1024&amp;ssl=1 1024w, https:\/\/i0.wp.com\/cdnoticias.com\/wp-content\/uploads\/2025\/09\/Rent-All-Olavarria-08.jpg?resize=300%2C199&amp;ssl=1 300w, https:\/\/i0.wp.com\/cdnoticias.com\/wp-content\/uploads\/2025\/09\/Rent-All-Olavarria-08.jpg?resize=768%2C510&amp;ssl=1 768w, https:\/\/i0.wp.com\/cdnoticias.com\/wp-content\/uploads\/2025\/09\/Rent-All-Olavarria-08.jpg?resize=272%2C182&amp;ssl=1 272w\" sizes=\"auto, (max-width: 800px) 100vw, 800px\" \/><\/figure>\n\n\n\n<p>Una empresa que tiene en total 55 empleados, y del total 15 est\u00e1n abocados \u201cfull time\u201d a Rent-All, que adem\u00e1s <em>\u201cnos ampliamos y nos reducimos en funci\u00f3n de los proyectos que tengamos que encarar\u201d.<\/em><\/p>\n\n\n\n<p><strong>Capitanich Construcciones es una empresa que tiene 55 a\u00f1os, <\/strong>que fue fundada por Pablo Capitanich en los a\u00f1os 70, y ahora la dirige su hijo, Marcos Capitanich, que es el propietario mayoritario.<strong> Hace 15 a\u00f1os <em>\u201cMarcos arm\u00f3 otra unidad de negocios que se llama Rent-All, que su idea es orientarla a prestar servicios y brindar soluciones en general de cualquier problem\u00e1tica a la industria, al agro y a la construcci\u00f3n, que es a lo que se dedica Capitanich\u201d.<\/em><\/strong><\/p>\n\n\n\n<p>Para que sea m\u00e1s gr\u00e1fico, <strong>la ingeniera ejemplific\u00f3 con Capitanich como \u201chermano mayor\u201d de Rent-All.<\/strong> <em>\u201cHoy en d\u00eda la verdad es que Rent-All ha crecido tanto que muchas veces es a la inversa: Rent-all nos trae clientes a Capitanich. As\u00ed que en los \u00faltimos tres a\u00f1os sobre todo esta unidad de negocios y servicios se ha expandido a nivel de que, por ejemplo, <strong>ha tenido alquiler de contenedores en los cuatro parques e\u00f3licos en simult\u00e1neo<\/strong>\u201d.<\/em><\/p>\n\n\n\n<p><strong>Rent-All est\u00e1 dividido en cuatro particiones<\/strong>: Contenedores, que es la unidad original de alquiler de contenedores, dep\u00f3sitos, oficinas y todos los distintos tipos de m\u00f3dulos para obradores. Despu\u00e9s est\u00e1 Rent-All Obradores, <em>\u201cque lo que se hace es al contenedor se le agrega todos los servicios de instalaci\u00f3n, traslado, mantenimiento peri\u00f3dico del obrador y desmantelado\u201d<\/em>. Y el servicio va<em> \u201cdesde montar el contenedor, poner los cuatro taquitos de hormig\u00f3n, hasta la instalaci\u00f3n el\u00e9ctrica, internet, pagamos la factura de Starlink, hacemos traslados de agua en cisternas para las obras que no tienen pozos de agua o dem\u00e1s, desagotamos ba\u00f1os, subcontratamos atmosf\u00e9ricos, manejamos los residuos, hacemos mediciones ambientales tambi\u00e9n, que es una condici\u00f3n en todo lo que es obrador\u201d<\/em> entre otras cuestiones vinculadas a la Ley de Seguridad e Higiene.<\/p>\n\n\n\n<figure class=\"wp-block-image size-full\"><img data-recalc-dims=\"1\" loading=\"lazy\" decoding=\"async\" width=\"800\" height=\"600\" src=\"https:\/\/i0.wp.com\/cdnoticias.com\/wp-content\/uploads\/2025\/09\/Rent-All-Olavarria-15.jpg?resize=800%2C600&#038;ssl=1\" alt=\"\" class=\"wp-image-182251\" srcset=\"https:\/\/i0.wp.com\/cdnoticias.com\/wp-content\/uploads\/2025\/09\/Rent-All-Olavarria-15.jpg?w=1024&amp;ssl=1 1024w, https:\/\/i0.wp.com\/cdnoticias.com\/wp-content\/uploads\/2025\/09\/Rent-All-Olavarria-15.jpg?resize=300%2C225&amp;ssl=1 300w, https:\/\/i0.wp.com\/cdnoticias.com\/wp-content\/uploads\/2025\/09\/Rent-All-Olavarria-15.jpg?resize=768%2C576&amp;ssl=1 768w\" sizes=\"auto, (max-width: 800px) 100vw, 800px\" \/><\/figure>\n\n\n\n<p><strong>Ampliar servicios es la raz\u00f3n por la cual Rent-All creci\u00f3 tanto en los \u00faltimos a\u00f1os<\/strong>:<em> \u201chemos tratado siempre de ser el punto donde se brindan las soluciones. Que nos llamen a nosotros no porque nosotros tenemos un servicio para brindarles, sino porque le podemos encontrar la soluci\u00f3n a alguna problem\u00e1tica que trae el cliente\u201d <\/em>se\u00f1al\u00f3 de Las Heras.<\/p>\n\n\n\n<p><strong>El punto de expansi\u00f3n clave fue la construcci\u00f3n de cuatro grandes parques e\u00f3licos en Olavarr\u00eda. <\/strong>All\u00ed, \u201clos clientes arrancaron llam\u00e1ndonos para contratar alquileres de contenedores y terminamos consigui\u00e9ndoles contactos de vivienda, de inmobiliarias, de gente que hac\u00eda viandas, un mont\u00f3n de otros servicios que no tienen nada que ver con nosotros\u201d.<\/p>\n\n\n\n<blockquote class=\"wp-block-quote is-layout-flow wp-block-quote-is-layout-flow\">\n<p>\u201cLa idea de Rent-all es ser el punto al cual llamen para conseguir una soluci\u00f3n\u201d.<\/p>\n<\/blockquote>\n\n\n\n<p>En un contexto complejo para la industria y la econom\u00eda, estas obras fueron el despegue y <em>\u201cuna ayuda bastante importante, no solo para el crecimiento, sino tambi\u00e9n para mantener esta gran cantidad de unidades que hemos llegado a tener<strong>. Por estas obras pasamos de tener 20 a tener 108 unidades de contenedores. <\/strong>Ahora que dos de los parques ya terminaron totalmente empieza a haber devoluci\u00f3n de contenedores y son momentos donde uno tiene que tom\u00e1rselo para hacer mantenimiento, para mejorar, para plantear opciones de mejora para nuestras unidades, pero siempre con esperanza de que va a mejorar\u201d.<\/em><\/p>\n\n\n\n<figure class=\"wp-block-image size-full\"><img data-recalc-dims=\"1\" loading=\"lazy\" decoding=\"async\" width=\"800\" height=\"531\" src=\"https:\/\/i0.wp.com\/cdnoticias.com\/wp-content\/uploads\/2025\/09\/Rent-All-Olavarria-05.jpg?resize=800%2C531&#038;ssl=1\" alt=\"\" class=\"wp-image-182242\" srcset=\"https:\/\/i0.wp.com\/cdnoticias.com\/wp-content\/uploads\/2025\/09\/Rent-All-Olavarria-05.jpg?w=1024&amp;ssl=1 1024w, https:\/\/i0.wp.com\/cdnoticias.com\/wp-content\/uploads\/2025\/09\/Rent-All-Olavarria-05.jpg?resize=300%2C199&amp;ssl=1 300w, https:\/\/i0.wp.com\/cdnoticias.com\/wp-content\/uploads\/2025\/09\/Rent-All-Olavarria-05.jpg?resize=768%2C510&amp;ssl=1 768w, https:\/\/i0.wp.com\/cdnoticias.com\/wp-content\/uploads\/2025\/09\/Rent-All-Olavarria-05.jpg?resize=272%2C182&amp;ssl=1 272w\" sizes=\"auto, (max-width: 800px) 100vw, 800px\" \/><\/figure>\n\n\n\n<p>Si bien<em> \u201cno somos ajenos a la situaci\u00f3n del pa\u00eds, est\u00e1 claro que hay una peque\u00f1a recesi\u00f3n\u201d<\/em> se\u00f1al\u00f3 que de igual forma<em><strong> \u201csomos conscientes y hay que igual avanzar en lo que nos toca en este momento, y esperanzados de lo mejor\u201d.<\/strong><\/em><\/p>\n\n\n\n<p>Rent-All es un servicio que adem\u00e1s de regionalizarse, tiene alcance nacional: <em>\u201cl<strong>legamos a todo el pa\u00eds<\/strong>, la verdad que hemos estado muy abocados a Olavarr\u00eda por esta cantidad de proyectos e\u00f3licos, pero hemos tenido contenedores durante muchos a\u00f1os en Bol\u00edvar, para una empresa que estaba haciendo una estaci\u00f3n transformadora, para Techint, que estaba haciendo el gasoducto N\u00e9stor Kirchner en Bol\u00edvar, hemos tenido en Bah\u00eda Blanca, contenedores hemos tenido hasta en Viedma, fue el lugar m\u00e1s lejano que llegamos, y despu\u00e9s Zapala, La Pampa, varias ciudades\u201d.<\/em><\/p>\n\n\n\n<figure class=\"wp-block-image size-full\"><img data-recalc-dims=\"1\" loading=\"lazy\" decoding=\"async\" width=\"800\" height=\"531\" src=\"https:\/\/i0.wp.com\/cdnoticias.com\/wp-content\/uploads\/2025\/09\/Rent-All-Olavarria-03.jpg?resize=800%2C531&#038;ssl=1\" alt=\"\" class=\"wp-image-182241\" srcset=\"https:\/\/i0.wp.com\/cdnoticias.com\/wp-content\/uploads\/2025\/09\/Rent-All-Olavarria-03.jpg?w=1024&amp;ssl=1 1024w, https:\/\/i0.wp.com\/cdnoticias.com\/wp-content\/uploads\/2025\/09\/Rent-All-Olavarria-03.jpg?resize=300%2C199&amp;ssl=1 300w, https:\/\/i0.wp.com\/cdnoticias.com\/wp-content\/uploads\/2025\/09\/Rent-All-Olavarria-03.jpg?resize=768%2C510&amp;ssl=1 768w, https:\/\/i0.wp.com\/cdnoticias.com\/wp-content\/uploads\/2025\/09\/Rent-All-Olavarria-03.jpg?resize=272%2C182&amp;ssl=1 272w\" sizes=\"auto, (max-width: 800px) 100vw, 800px\" \/><\/figure>\n\n\n\n<blockquote class=\"wp-block-quote is-layout-flow wp-block-quote-is-layout-flow\">\n<p>\u201cLa realidad es que nosotros vamos donde se necesite el servicio, no le decimos que no a nada, por supuesto somos m\u00e1s competitivos en la provincia de Buenos Aires, pero donde se necesite vamos, con la flota, con cualquier tipo de m\u00f3dulo\u201d.<\/p>\n<\/blockquote>\n\n\n\n<p class=\"has-large-font-size\">\u201cEsper\u00e1bamos que llegue algo para poder animarnos\u201d<\/p>\n\n\n\n<figure class=\"wp-block-image size-full\"><img data-recalc-dims=\"1\" loading=\"lazy\" decoding=\"async\" width=\"800\" height=\"600\" src=\"https:\/\/i0.wp.com\/cdnoticias.com\/wp-content\/uploads\/2025\/09\/Rent-All-Olavarria-11.jpg?resize=800%2C600&#038;ssl=1\" alt=\"\" class=\"wp-image-182247\" srcset=\"https:\/\/i0.wp.com\/cdnoticias.com\/wp-content\/uploads\/2025\/09\/Rent-All-Olavarria-11.jpg?w=1024&amp;ssl=1 1024w, https:\/\/i0.wp.com\/cdnoticias.com\/wp-content\/uploads\/2025\/09\/Rent-All-Olavarria-11.jpg?resize=300%2C225&amp;ssl=1 300w, https:\/\/i0.wp.com\/cdnoticias.com\/wp-content\/uploads\/2025\/09\/Rent-All-Olavarria-11.jpg?resize=768%2C576&amp;ssl=1 768w\" sizes=\"auto, (max-width: 800px) 100vw, 800px\" \/><\/figure>\n\n\n\n<p>El crecimiento era la cuenta pendiente de la empresa.<strong> Y los parques e\u00f3licos fueron la gran oportunidad. De alquilar oficinas a, pr\u00e1cticamente, armar una ciudad alrededor de los aerogeneradores que fueron imponi\u00e9ndose en el paisaje de nuestra ciudad. <\/strong><em>\u201cPudimos crecer la flota y ampliar nuestros servicios, que lo quer\u00edamos hacer, pero muchas veces se necesita el impulso. Y fue este: realmente nos tuvimos que poner a estudiar hasta qu\u00e9 tipo de contenedores se utilizan dentro de los parques e\u00f3licos, que no necesariamente son los mismos que para una obra dentro de una f\u00e1brica\u201d.<\/em><\/p>\n\n\n\n<p>Para ello dise\u00f1aron nuevos modelos de contenedores, exclusivamente para parques e\u00f3licos,<em> \u201ccomo es el contenedor de dep\u00f3sito de sustancias qu\u00edmicas, que es un contenedor que tiene en el interior una batea antiderrame, con una v\u00e1lvula, con unas rejillas para ventilaci\u00f3n, que la verdad que se utiliza en los parques e\u00f3licos porque es donde se almacenan sustancias qu\u00edmicas que tal vez en otros proyectos no se usan\u201d.<\/em><\/p>\n\n\n\n<figure class=\"wp-block-image size-full\"><img data-recalc-dims=\"1\" loading=\"lazy\" decoding=\"async\" width=\"800\" height=\"450\" src=\"https:\/\/i0.wp.com\/cdnoticias.com\/wp-content\/uploads\/2025\/09\/Rent-All-Olavarria-09.jpg?resize=800%2C450&#038;ssl=1\" alt=\"\" class=\"wp-image-182245\" srcset=\"https:\/\/i0.wp.com\/cdnoticias.com\/wp-content\/uploads\/2025\/09\/Rent-All-Olavarria-09.jpg?w=1024&amp;ssl=1 1024w, https:\/\/i0.wp.com\/cdnoticias.com\/wp-content\/uploads\/2025\/09\/Rent-All-Olavarria-09.jpg?resize=300%2C169&amp;ssl=1 300w, https:\/\/i0.wp.com\/cdnoticias.com\/wp-content\/uploads\/2025\/09\/Rent-All-Olavarria-09.jpg?resize=768%2C432&amp;ssl=1 768w\" sizes=\"auto, (max-width: 800px) 100vw, 800px\" \/><\/figure>\n\n\n\n<p>Y ahora, \u201c<em>la empresa tiene dos contenedores de sustancias qu\u00edmicas. Por ejemplo, eso fue \u00fanicamente para el parque e\u00f3lico\u201d <\/em>explic\u00f3 la ingeniera de Las Heras.<\/p>\n\n\n\n<p>Y la intenci\u00f3n es seguir ampliando servicios, ser sin\u00f3nimo de soluci\u00f3n para los requerimientos de una empresa. <em><strong>\u201cPor ejemplo avanzamos con el contenedor Garita, que ya lo ten\u00edamos pensado desde hace mucho tiempo, que es un contenedor de 10 pies, que est\u00e1 pensado para seguridad y vigilancia. Es bastante interesante porque es un contenedor chiquito, que entra en cualquier lado, o sea, en cuanto a problem\u00e1ticas de espacios, se soluciona bastante y tiene un lindo dise\u00f1o\u201d.<\/strong><\/em><\/p>\n\n\n\n<p>A eso sumar los <strong>m\u00f3dulos ba\u00fal, donde aquel que necesite puede guardar lo que desee en los conteiners.<\/strong> Desde materiales de su empresa, hasta elementos de una casa tras una mudanza.<\/p>\n\n\n\n<p><strong>Innovaci\u00f3n, creatividad y soluciones,<\/strong> en este mes de la industria, son sin\u00f3nimos de Rent-All.<\/p>\n\n\n\n<p><\/p>\n","protected":false},"excerpt":{"rendered":"<p>La empresa lleva 15 a\u00f1os de antig\u00fcedad y un crecimiento constante, con un \u201cboom\u201d de los Parques E\u00f3licos que los<\/p>\n","protected":false},"author":2,"featured_media":182252,"comment_status":"closed","ping_status":"closed","sticky":false,"template":"","format":"standard","meta":{"_jetpack_memberships_contains_paid_content":false,"footnotes":""},"categories":[65,1],"tags":[],"class_list":["post-182238","post","type-post","status-publish","format-standard","has-post-thumbnail","hentry","category-dia-de-la-industria","category-portada"],"jetpack_featured_media_url":"https:\/\/i0.wp.com\/cdnoticias.com\/wp-content\/uploads\/2025\/09\/Rent-All-Olavarria-16-e1757718678597.jpg?fit=1024%2C534&ssl=1","jetpack_sharing_enabled":true,"_links":{"self":[{"href":"https:\/\/cdnoticias.com\/index.php\/wp-json\/wp\/v2\/posts\/182238","targetHints":{"allow":["GET"]}}],"collection":[{"href":"https:\/\/cdnoticias.com\/index.php\/wp-json\/wp\/v2\/posts"}],"about":[{"href":"https:\/\/cdnoticias.com\/index.php\/wp-json\/wp\/v2\/types\/post"}],"author":[{"embeddable":true,"href":"https:\/\/cdnoticias.com\/index.php\/wp-json\/wp\/v2\/users\/2"}],"replies":[{"embeddable":true,"href":"https:\/\/cdnoticias.com\/index.php\/wp-json\/wp\/v2\/comments?post=182238"}],"version-history":[{"count":0,"href":"https:\/\/cdnoticias.com\/index.php\/wp-json\/wp\/v2\/posts\/182238\/revisions"}],"wp:featuredmedia":[{"embeddable":true,"href":"https:\/\/cdnoticias.com\/index.php\/wp-json\/wp\/v2\/media\/182252"}],"wp:attachment":[{"href":"https:\/\/cdnoticias.com\/index.php\/wp-json\/wp\/v2\/media?parent=182238"}],"wp:term":[{"taxonomy":"category","embeddable":true,"href":"https:\/\/cdnoticias.com\/index.php\/wp-json\/wp\/v2\/categories?post=182238"},{"taxonomy":"post_tag","embeddable":true,"href":"https:\/\/cdnoticias.com\/index.php\/wp-json\/wp\/v2\/tags?post=182238"}],"curies":[{"name":"wp","href":"https:\/\/api.w.org\/{rel}","templated":true}]}}