{"id":182172,"date":"2025-09-12T17:05:54","date_gmt":"2025-09-12T20:05:54","guid":{"rendered":"https:\/\/cdnoticias.com\/?p=182172"},"modified":"2025-09-12T17:05:56","modified_gmt":"2025-09-12T20:05:56","slug":"continuan-las-inscripciones-para-los-talleres-de-los-centros-juveniles-municipales","status":"publish","type":"post","link":"https:\/\/cdnoticias.com\/index.php\/2025\/09\/12\/continuan-las-inscripciones-para-los-talleres-de-los-centros-juveniles-municipales\/","title":{"rendered":"Contin\u00faan las inscripciones para los talleres de los Centros Juveniles Municipales"},"content":{"rendered":"\n<p>\u201cDesde el barrio\u201d es una propuesta destinada a j\u00f3venes de entre 14 y 29 a\u00f1os.<\/p>\n\n\n\n<hr class=\"wp-block-separator has-alpha-channel-opacity\"\/>\n\n\n\n<p>La Subsecretar\u00eda de Protecci\u00f3n Integral de Derechos del Municipio de Olavarr\u00eda inform\u00f3 que contin\u00faan abiertas las inscripciones para los talleres del Programa Centros Juveniles \u201cDesde el barrio\u201d, una propuesta <strong>destinada a j\u00f3venes de entre 14 y 29 a\u00f1os, gestionada en conjunto por la Direcci\u00f3n Provincial de Juventudes y el Municipio de Olavarr\u00eda.<\/strong><\/p>\n\n\n\n<p><\/p>\n\n\n\n<p>Los Centros Juveniles funcionan en articulaci\u00f3n con espacios comunitarios, ofreciendo propuestas como <strong>pintura y graffiti, freestyle, skateboarding y talleres de abordaje comunitario.<\/strong><\/p>\n\n\n\n<p><\/p>\n\n\n\n<p>Se invita a las juventudes a sumarse a las distintas actividades del programa, un espacio libre y gratuito, coordinado por j\u00f3venes referentes en cada disciplina, quienes acompa\u00f1an y se vinculan directamente con las y los participantes. La inscripci\u00f3n se puede llevar adelante a trav\u00e9s del formulario al que se accede haciendo<a href=\"https:\/\/pem.olavarria.gov.ar\/sistema-formularios\/#\/form\/zmOYnyQlw3\" data-type=\"link\" data-id=\"https:\/\/pem.olavarria.gov.ar\/sistema-formularios\/#\/form\/zmOYnyQlw3\"> click aqu\u00ed<\/a><\/p>\n\n\n\n<p><\/p>\n\n\n\n<p><strong>Cronograma de talleres<\/strong><\/p>\n\n\n\n<p><\/p>\n\n\n\n<p><strong>Lunes<br><\/strong>Taller de Abordaje Comunitario \u2013 15 a 17 hs<br>Sede: Casa del Bicentenario<\/p>\n\n\n\n<p><\/p>\n\n\n\n<p><strong>Martes<br><\/strong>Taller de Freestyle \u2013 17 a 19.30 hs<br>Sede: Centro Deportivo Recreativo DAM<\/p>\n\n\n\n<p><\/p>\n\n\n\n<p><strong>Mi\u00e9rcoles<br><\/strong>Taller de Skateboarding \u2013 15.30 a 18 hs<br>Sede: Skatepark \/ Casa del Bicentenario<\/p>\n\n\n\n<p><\/p>\n\n\n\n<p><strong>Jueves<br><\/strong>Taller de Skateboarding \u2013 15.30 a 18 hs<br>Sede: Barrio Jard\u00edn<\/p>\n\n\n\n<p><\/p>\n\n\n\n<p><strong>Viernes<br><\/strong>Taller de Pintura Urbana\/Graffiti \u2013 17 a 19 hs<br>Sede: CIC Barrio Facundo Quiroga II<\/p>\n\n\n\n<p><\/p>\n","protected":false},"excerpt":{"rendered":"<p>\u201cDesde el barrio\u201d es una propuesta destinada a j\u00f3venes de entre 14 y 29 a\u00f1os. La Subsecretar\u00eda de Protecci\u00f3n Integral<\/p>\n","protected":false},"author":5,"featured_media":182173,"comment_status":"closed","ping_status":"closed","sticky":false,"template":"","format":"standard","meta":{"_jetpack_memberships_contains_paid_content":false,"footnotes":""},"categories":[9,1],"tags":[],"class_list":["post-182172","post","type-post","status-publish","format-standard","has-post-thumbnail","hentry","category-cultura","category-portada"],"jetpack_featured_media_url":"https:\/\/i0.wp.com\/cdnoticias.com\/wp-content\/uploads\/2025\/09\/centro-juvenil.png?fit=800%2C445&ssl=1","jetpack_sharing_enabled":true,"_links":{"self":[{"href":"https:\/\/cdnoticias.com\/index.php\/wp-json\/wp\/v2\/posts\/182172","targetHints":{"allow":["GET"]}}],"collection":[{"href":"https:\/\/cdnoticias.com\/index.php\/wp-json\/wp\/v2\/posts"}],"about":[{"href":"https:\/\/cdnoticias.com\/index.php\/wp-json\/wp\/v2\/types\/post"}],"author":[{"embeddable":true,"href":"https:\/\/cdnoticias.com\/index.php\/wp-json\/wp\/v2\/users\/5"}],"replies":[{"embeddable":true,"href":"https:\/\/cdnoticias.com\/index.php\/wp-json\/wp\/v2\/comments?post=182172"}],"version-history":[{"count":0,"href":"https:\/\/cdnoticias.com\/index.php\/wp-json\/wp\/v2\/posts\/182172\/revisions"}],"wp:featuredmedia":[{"embeddable":true,"href":"https:\/\/cdnoticias.com\/index.php\/wp-json\/wp\/v2\/media\/182173"}],"wp:attachment":[{"href":"https:\/\/cdnoticias.com\/index.php\/wp-json\/wp\/v2\/media?parent=182172"}],"wp:term":[{"taxonomy":"category","embeddable":true,"href":"https:\/\/cdnoticias.com\/index.php\/wp-json\/wp\/v2\/categories?post=182172"},{"taxonomy":"post_tag","embeddable":true,"href":"https:\/\/cdnoticias.com\/index.php\/wp-json\/wp\/v2\/tags?post=182172"}],"curies":[{"name":"wp","href":"https:\/\/api.w.org\/{rel}","templated":true}]}}