{"id":18217,"date":"2021-04-07T16:51:34","date_gmt":"2021-04-07T19:51:34","guid":{"rendered":"http:\/\/www.centraldenoticias.com.ar\/?p=18217"},"modified":"2021-04-07T18:08:19","modified_gmt":"2021-04-07T21:08:19","slug":"secuestraron-una-computadora-memorias-y-celulares-por-divulgar-pornografia-infantil","status":"publish","type":"post","link":"https:\/\/cdnoticias.com\/index.php\/2021\/04\/07\/secuestraron-una-computadora-memorias-y-celulares-por-divulgar-pornografia-infantil\/","title":{"rendered":"Secuestraron una computadora, memorias y celulares en una causa por divulgaci\u00f3n de pornograf\u00eda infantil"},"content":{"rendered":"<p>El procedimiento se llev\u00f3 a cabo en las \u00faltimas horas en un domicilio de nuestra ciudad, en el marco de una causa liderada por el fiscal Lucas Moyano.<!--more--><\/p>\n<hr \/>\n<p>En las \u00faltimas horas personal de la SubDDI local llev\u00f3 adelante un allanamiento en un domicilio de nuestra ciudad que permiti\u00f3 el secuestro de importantes elementos de inter\u00e9s probatorio, <strong>en el marco de una investigaci\u00f3n por distribuci\u00f3n y divulgaci\u00f3n de pornograf\u00eda infantil.<\/strong><\/p>\n<p>&nbsp;<\/p>\n<p>De acuerdo con lo que trascendi\u00f3, la investigaci\u00f3n se encuentra caratulada como \u201cproducci\u00f3n y comercializaci\u00f3n de representaci\u00f3n de menores de 18 a\u00f1os dedicados a actividades sexuales\u201d, en una instrucci\u00f3n liderada desde las UFI 22 del doctor Lucas Moyano. <strong>Seg\u00fan se a\u00f1adi\u00f3, todo surgi\u00f3 a partir de un reporte emitido desde el desde el National Center for Missing and Exploited Children, que dio cuenta que desde un perfil de Facebook se distribu\u00eda precisamente contenido pornogr\u00e1fico infantil.<\/strong><\/p>\n<p>&nbsp;<\/p>\n<p>Tareas investigativas del grupo operativo local de la SubDDI Olavarr\u00eda, adem\u00e1s de an\u00e1lisis de redes sociales e informaci\u00f3n de telefon\u00eda por parte del Gabinete de Medios Tecnol\u00f3gicos permiti\u00f3 avanzar sobre la identidad del usuario de redes sociales, adem\u00e1s de su n\u00famero celular. <strong>Con esos elementos se dio lugar a un allanamiento que se concret\u00f3 en las \u00faltimas horas y permiti\u00f3 el secuestro de 3 tel\u00e9fonos, una notebook, tres tarjetas de memoria y un pen drive.<\/strong><\/p>\n<p>&nbsp;<\/p>\n<p>El allanamiento cont\u00f3 con el aval de la jueza de Garant\u00edas Magdalena Forbes y ahora <strong>se aguarda por las pericias a cada uno de los elementos incautados.<\/strong><\/p>\n","protected":false},"excerpt":{"rendered":"<p>El procedimiento se llev\u00f3 a cabo en las \u00faltimas horas en un domicilio de nuestra ciudad, en el marco de<\/p>\n","protected":false},"author":3,"featured_media":18218,"comment_status":"closed","ping_status":"closed","sticky":false,"template":"","format":"standard","meta":{"_jetpack_memberships_contains_paid_content":false,"footnotes":""},"categories":[14,1],"tags":[],"class_list":["post-18217","post","type-post","status-publish","format-standard","has-post-thumbnail","hentry","category-policiales","category-portada"],"jetpack_featured_media_url":"https:\/\/i0.wp.com\/cdnoticias.com\/wp-content\/uploads\/2021\/04\/allanamiento-ddi.jpg?fit=800%2C445&ssl=1","jetpack_sharing_enabled":true,"_links":{"self":[{"href":"https:\/\/cdnoticias.com\/index.php\/wp-json\/wp\/v2\/posts\/18217","targetHints":{"allow":["GET"]}}],"collection":[{"href":"https:\/\/cdnoticias.com\/index.php\/wp-json\/wp\/v2\/posts"}],"about":[{"href":"https:\/\/cdnoticias.com\/index.php\/wp-json\/wp\/v2\/types\/post"}],"author":[{"embeddable":true,"href":"https:\/\/cdnoticias.com\/index.php\/wp-json\/wp\/v2\/users\/3"}],"replies":[{"embeddable":true,"href":"https:\/\/cdnoticias.com\/index.php\/wp-json\/wp\/v2\/comments?post=18217"}],"version-history":[{"count":0,"href":"https:\/\/cdnoticias.com\/index.php\/wp-json\/wp\/v2\/posts\/18217\/revisions"}],"wp:featuredmedia":[{"embeddable":true,"href":"https:\/\/cdnoticias.com\/index.php\/wp-json\/wp\/v2\/media\/18218"}],"wp:attachment":[{"href":"https:\/\/cdnoticias.com\/index.php\/wp-json\/wp\/v2\/media?parent=18217"}],"wp:term":[{"taxonomy":"category","embeddable":true,"href":"https:\/\/cdnoticias.com\/index.php\/wp-json\/wp\/v2\/categories?post=18217"},{"taxonomy":"post_tag","embeddable":true,"href":"https:\/\/cdnoticias.com\/index.php\/wp-json\/wp\/v2\/tags?post=18217"}],"curies":[{"name":"wp","href":"https:\/\/api.w.org\/{rel}","templated":true}]}}