{"id":182163,"date":"2025-09-12T09:18:20","date_gmt":"2025-09-12T12:18:20","guid":{"rendered":"https:\/\/cdnoticias.com\/?p=182163"},"modified":"2025-09-12T11:29:51","modified_gmt":"2025-09-12T14:29:51","slug":"el-paro-en-unicen-con-volanteada-y-semaforazo-en-olavarria","status":"publish","type":"post","link":"https:\/\/cdnoticias.com\/index.php\/2025\/09\/12\/el-paro-en-unicen-con-volanteada-y-semaforazo-en-olavarria\/","title":{"rendered":"El paro en Unicen con volanteada y semaforazo en Olavarr\u00eda"},"content":{"rendered":"<p>Se realizar\u00e1n durante esta ma\u00f1ana. Las medidas buscan exponer el reclamo por fondos y el rechazo al veto de Milei al financiamiento.<!--more--><\/p>\n<hr \/>\n<p><strong>Este viernes por la ma\u00f1ana<\/strong> habr\u00e1 <strong>actividades complementarias<\/strong> al <strong>paro universitario<\/strong> en el <strong>campus de Unicen en Olavarr\u00eda<\/strong>.<\/p>\n<p>Se trata de medidas para <strong>exponer y visibilizar el reclamo por fondos para el sistema universitario<\/strong> y el <strong>rechazo al <a href=\"https:\/\/cdnoticias.com\/index.php\/2025\/09\/11\/universidades-tras-el-veto-hay-paro-el-viernes-y-conadu-organiza-una-marcha-federal\/\" target=\"_blank\" rel=\"noopener\">veto de Javier Milei a la ley de financiamiento<\/a><\/strong> aprobada por el Congreso.<\/p>\n<blockquote><p>Para ello se anunciaron una volanteada y un semaforazo. La primera actividad se concretar\u00e1 en el edificio Aulas Comunes donde desde las 11 se llevar\u00e1 a cabo el mercado de econom\u00eda social La Posta. A partir de las 12, los manifestantes estar\u00e1n en el cruce de La Rioja y Del Valle.<\/p><\/blockquote>\n<p><strong>Las medidas de fuerza fueron <a href=\"https:\/\/cdnoticias.com\/index.php\/2025\/09\/11\/universidades-tras-el-veto-hay-paro-el-viernes-y-conadu-organiza-una-marcha-federal\/\" target=\"_blank\" rel=\"noopener\">convocadas en todas las universidades del pa\u00eds<\/a><\/strong> y ya se proyectaron m\u00e1s para cuando el Congreso trate la insistencia en la ley.<\/p>\n<p><img data-recalc-dims=\"1\" loading=\"lazy\" decoding=\"async\" class=\"alignnone size-full wp-image-126955\" src=\"https:\/\/i0.wp.com\/cdnoticias.com\/wp-content\/uploads\/2024\/10\/MarchaUniversitariaOlavarria-09.jpg?resize=800%2C531&#038;ssl=1\" alt=\"\" width=\"800\" height=\"531\" srcset=\"https:\/\/i0.wp.com\/cdnoticias.com\/wp-content\/uploads\/2024\/10\/MarchaUniversitariaOlavarria-09.jpg?w=1024&amp;ssl=1 1024w, https:\/\/i0.wp.com\/cdnoticias.com\/wp-content\/uploads\/2024\/10\/MarchaUniversitariaOlavarria-09.jpg?resize=300%2C199&amp;ssl=1 300w, https:\/\/i0.wp.com\/cdnoticias.com\/wp-content\/uploads\/2024\/10\/MarchaUniversitariaOlavarria-09.jpg?resize=768%2C510&amp;ssl=1 768w, https:\/\/i0.wp.com\/cdnoticias.com\/wp-content\/uploads\/2024\/10\/MarchaUniversitariaOlavarria-09.jpg?resize=272%2C182&amp;ssl=1 272w\" sizes=\"auto, (max-width: 800px) 100vw, 800px\" \/><\/p>\n<p>En tanto, el <strong>rector de la Unicen, Marcelo Aba<\/strong> <a href=\"https:\/\/cdnoticias.com\/index.php\/2025\/09\/11\/la-ley-es-importantisima-para-volver-a-poner-a-la-universidad-a-funcionar-al-ritmo-al-que-estamos-acostumbrados\/\" target=\"_blank\" rel=\"noopener\">expres\u00f3 que que si bien hubo \u201csorpresa\u201d<\/a> por el veto de Milei, \u201cestaba dentro de las posibilidades que manej\u00e1bamos. <strong>Ten\u00edamos desde la esperanza, la expectativa de que esta vez primara un poco m\u00e1s la cordura<\/strong> y se fuera por un camino que nos permita ir recomponiendo una situaci\u00f3n que se deterior\u00f3 gravemente desde que comenz\u00f3 este gobierno\u201d.<\/p>\n<blockquote><p>Asimismo resalt\u00f3 la importancia de esta ley porque m\u00e1s all\u00e1 del tema salarial, \u201cla ciencia y la tecnolog\u00eda est\u00e1n detenidas, las obras est\u00e1n absolutamente paralizadas, las becas no han sido actualizadas. La ley es important\u00edsima para volver a poner a la universidad a funcionar al ritmo al que estamos acostumbrados\u201d.<\/p><\/blockquote>\n<p>Cabe recordar que en Olavarr\u00eda la Universidad Nacional del Centro cuenta con cinco establecimientos educativos: funcionan las Facultades de Sociales, Ingenier\u00eda y Salud, adem\u00e1s del Jard\u00edn Maternal \u201cUpa la la\u201d y la Escuela Secundaria \u201cAdolfo P\u00e9rez Esquivel\u201d.<\/p>\n<blockquote class=\"wp-embedded-content\" data-secret=\"A0seEB7DsW\"><p><a href=\"https:\/\/cdnoticias.com\/index.php\/2025\/09\/11\/el-veto-al-financiamiento-universitario-tambien-se-debatio-en-el-hcd\/\">El veto al financiamiento universitario tambi\u00e9n se debati\u00f3 en el HCD<\/a><\/p><\/blockquote>\n<p><iframe loading=\"lazy\" class=\"wp-embedded-content\" sandbox=\"allow-scripts\" security=\"restricted\" style=\"position: absolute; visibility: hidden;\" title=\"&#8220;El veto al financiamiento universitario tambi\u00e9n se debati\u00f3 en el HCD&#8221; &#8212; Central de Noticias | Olavarr\u00eda\" src=\"https:\/\/cdnoticias.com\/index.php\/2025\/09\/11\/el-veto-al-financiamiento-universitario-tambien-se-debatio-en-el-hcd\/embed\/#?secret=YT5tCEdsCI#?secret=A0seEB7DsW\" data-secret=\"A0seEB7DsW\" width=\"600\" height=\"338\" frameborder=\"0\" marginwidth=\"0\" marginheight=\"0\" scrolling=\"no\"><\/iframe><\/p>\n","protected":false},"excerpt":{"rendered":"<p>Se realizar\u00e1n durante esta ma\u00f1ana. Las medidas buscan exponer el reclamo por fondos y el rechazo al veto de Milei<\/p>\n","protected":false},"author":4,"featured_media":126976,"comment_status":"closed","ping_status":"closed","sticky":false,"template":"","format":"standard","meta":{"_jetpack_memberships_contains_paid_content":false,"footnotes":""},"categories":[5,1],"tags":[],"class_list":["post-182163","post","type-post","status-publish","format-standard","has-post-thumbnail","hentry","category-informacion-general","category-portada"],"jetpack_featured_media_url":"https:\/\/i0.wp.com\/cdnoticias.com\/wp-content\/uploads\/2024\/10\/MarchaUniversitariaOlavarria-30.jpg?fit=1024%2C680&ssl=1","jetpack_sharing_enabled":true,"_links":{"self":[{"href":"https:\/\/cdnoticias.com\/index.php\/wp-json\/wp\/v2\/posts\/182163","targetHints":{"allow":["GET"]}}],"collection":[{"href":"https:\/\/cdnoticias.com\/index.php\/wp-json\/wp\/v2\/posts"}],"about":[{"href":"https:\/\/cdnoticias.com\/index.php\/wp-json\/wp\/v2\/types\/post"}],"author":[{"embeddable":true,"href":"https:\/\/cdnoticias.com\/index.php\/wp-json\/wp\/v2\/users\/4"}],"replies":[{"embeddable":true,"href":"https:\/\/cdnoticias.com\/index.php\/wp-json\/wp\/v2\/comments?post=182163"}],"version-history":[{"count":0,"href":"https:\/\/cdnoticias.com\/index.php\/wp-json\/wp\/v2\/posts\/182163\/revisions"}],"wp:featuredmedia":[{"embeddable":true,"href":"https:\/\/cdnoticias.com\/index.php\/wp-json\/wp\/v2\/media\/126976"}],"wp:attachment":[{"href":"https:\/\/cdnoticias.com\/index.php\/wp-json\/wp\/v2\/media?parent=182163"}],"wp:term":[{"taxonomy":"category","embeddable":true,"href":"https:\/\/cdnoticias.com\/index.php\/wp-json\/wp\/v2\/categories?post=182163"},{"taxonomy":"post_tag","embeddable":true,"href":"https:\/\/cdnoticias.com\/index.php\/wp-json\/wp\/v2\/tags?post=182163"}],"curies":[{"name":"wp","href":"https:\/\/api.w.org\/{rel}","templated":true}]}}