{"id":182086,"date":"2025-09-11T17:01:11","date_gmt":"2025-09-11T20:01:11","guid":{"rendered":"https:\/\/cdnoticias.com\/?p=182086"},"modified":"2025-09-11T17:01:13","modified_gmt":"2025-09-11T20:01:13","slug":"trabajadores-del-garrahan-anunciaron-un-paro-para-este-viernes","status":"publish","type":"post","link":"https:\/\/cdnoticias.com\/index.php\/2025\/09\/11\/trabajadores-del-garrahan-anunciaron-un-paro-para-este-viernes\/","title":{"rendered":"Trabajadores del Garrahan anunciaron un paro para este viernes"},"content":{"rendered":"\n<p>Se extender\u00e1 por 24 horas por el veto de Milei a la Ley de Emergencia Sanitaria Pedi\u00e1trica. \u201cA Milei lo vamos a vetar en las calles\u201d.<\/p>\n\n\n\n<hr class=\"wp-block-separator aligncenter has-alpha-channel-opacity\"\/>\n\n\n\n<p>Tras el <strong>veto presidencial a la ley de emergencia sanitaria pedi\u00e1trica, los trabajadores del Hospital Garrahan nucleados en la Asociaci\u00f3n de Profesionales y T\u00e9cnicos (APyT) anunciaron un nuevo paro <\/strong>que comenzar\u00e1 este viernes 12 de septiembre a las 7 de la ma\u00f1ana. <strong>La medida se extender\u00e1 por 24 horas y contar\u00e1 con la adhesi\u00f3n de todo el personal m\u00e9dico y no m\u00e9dico, garantizando \u00fanicamente la atenci\u00f3n en internaciones y guardias.<\/strong><\/p>\n\n\n\n<p><strong>La decisi\u00f3n se dio a conocer durante esta jornada y estuvo acompa\u00f1ada de fuertes cr\u00edticas al Gobierno nacional. <\/strong>Los trabajadores se\u00f1alaron que<strong> al presidente Javier Milei \u201clo van a vetar en las calles\u201d <\/strong>y confirmaron adem\u00e1s la convocatoria a una asamblea que tendr\u00e1 lugar ma\u00f1ana a las 13 horas en el mismo hospital, donde se definir\u00e1n los pr\u00f3ximos pasos del plan de lucha.<\/p>\n\n\n\n<p>En paralelo, adelantaron que <strong>el lunes 15 realizar\u00e1n una conferencia de prensa en las instalaciones del Garrahan.<\/strong> Seg\u00fan anticiparon desde APyT, propondr\u00e1n que se concrete con la participaci\u00f3n de todos los sectores que apoyan la causa del hospital, la defensa de la salud p\u00fablica y de la universidad, en el marco de un \u201ccabildo abierto\u201d consensuado por m\u00e1s de 30 organizaciones. <strong>El objetivo ser\u00e1 reclamar que diputados y senadores traten de manera urgente los vetos presidenciales.<\/strong><\/p>\n\n\n\n<p>Asimismo, los trabajadores subrayaron que,<strong> en caso de que los vetos lleguen a ser debatidos en la C\u00e1mara de Diputados, convocar\u00e1n de manera masiva a la ciudadan\u00eda a manifestarse tanto en las inmediaciones del Congreso como en plazas de todo el pa\u00eds.<\/strong> En ese sentido remarcaron que<em> \u201cel pueblo ya vot\u00f3 y fue a favor del Garrahan y la universidad p\u00fablica\u201d.<\/em><\/p>\n\n\n\n<p>Con este escenario<strong>, la jornada del viernes estar\u00e1 marcada por la medida de fuerza y la realizaci\u00f3n de la asamblea en el hospital, que buscar\u00e1 sumar apoyos y definir los pr\u00f3ximos pasos en la continuidad del conflicto.<\/strong><\/p>\n\n\n\n<figure class=\"wp-block-embed is-type-wp-embed is-provider-central-de-noticias-olavarr-a wp-block-embed-central-de-noticias-olavarr-a\"><div class=\"wp-block-embed__wrapper\">\n<blockquote class=\"wp-embedded-content\" data-secret=\"JBthj0GWpw\"><a href=\"https:\/\/cdnoticias.com\/index.php\/2025\/08\/14\/soy-garrahan-queremos-lograr-que-el-reclamo-sea-federal\/\">Soy Garrahan: \u201cqueremos lograr que el reclamo sea federal\u201d\u00a0<\/a><\/blockquote><iframe loading=\"lazy\" class=\"wp-embedded-content\" sandbox=\"allow-scripts\" security=\"restricted\" style=\"position: absolute; visibility: hidden;\" title=\"&#8220;Soy Garrahan: \u201cqueremos lograr que el reclamo sea federal\u201d\u00a0&#8221; &#8212; Central de Noticias | Olavarr\u00eda\" src=\"https:\/\/cdnoticias.com\/index.php\/2025\/08\/14\/soy-garrahan-queremos-lograr-que-el-reclamo-sea-federal\/embed\/#?secret=31uPZ9k0Fe#?secret=JBthj0GWpw\" data-secret=\"JBthj0GWpw\" width=\"600\" height=\"338\" frameborder=\"0\" marginwidth=\"0\" marginheight=\"0\" scrolling=\"no\"><\/iframe>\n<\/div><\/figure>\n","protected":false},"excerpt":{"rendered":"<p>Se extender\u00e1 por 24 horas por el veto de Milei a la Ley de Emergencia Sanitaria Pedi\u00e1trica. \u201cA Milei lo<\/p>\n","protected":false},"author":2,"featured_media":182090,"comment_status":"closed","ping_status":"closed","sticky":false,"template":"","format":"standard","meta":{"_jetpack_memberships_contains_paid_content":false,"footnotes":""},"categories":[6,1],"tags":[],"class_list":["post-182086","post","type-post","status-publish","format-standard","has-post-thumbnail","hentry","category-nacionales","category-portada"],"jetpack_featured_media_url":"https:\/\/i0.wp.com\/cdnoticias.com\/wp-content\/uploads\/2025\/09\/garrahan-paro.jpg?fit=974%2C595&ssl=1","jetpack_sharing_enabled":true,"_links":{"self":[{"href":"https:\/\/cdnoticias.com\/index.php\/wp-json\/wp\/v2\/posts\/182086","targetHints":{"allow":["GET"]}}],"collection":[{"href":"https:\/\/cdnoticias.com\/index.php\/wp-json\/wp\/v2\/posts"}],"about":[{"href":"https:\/\/cdnoticias.com\/index.php\/wp-json\/wp\/v2\/types\/post"}],"author":[{"embeddable":true,"href":"https:\/\/cdnoticias.com\/index.php\/wp-json\/wp\/v2\/users\/2"}],"replies":[{"embeddable":true,"href":"https:\/\/cdnoticias.com\/index.php\/wp-json\/wp\/v2\/comments?post=182086"}],"version-history":[{"count":0,"href":"https:\/\/cdnoticias.com\/index.php\/wp-json\/wp\/v2\/posts\/182086\/revisions"}],"wp:featuredmedia":[{"embeddable":true,"href":"https:\/\/cdnoticias.com\/index.php\/wp-json\/wp\/v2\/media\/182090"}],"wp:attachment":[{"href":"https:\/\/cdnoticias.com\/index.php\/wp-json\/wp\/v2\/media?parent=182086"}],"wp:term":[{"taxonomy":"category","embeddable":true,"href":"https:\/\/cdnoticias.com\/index.php\/wp-json\/wp\/v2\/categories?post=182086"},{"taxonomy":"post_tag","embeddable":true,"href":"https:\/\/cdnoticias.com\/index.php\/wp-json\/wp\/v2\/tags?post=182086"}],"curies":[{"name":"wp","href":"https:\/\/api.w.org\/{rel}","templated":true}]}}