{"id":182081,"date":"2025-09-11T17:30:18","date_gmt":"2025-09-11T20:30:18","guid":{"rendered":"https:\/\/cdnoticias.com\/?p=182081"},"modified":"2025-09-12T09:21:26","modified_gmt":"2025-09-12T12:21:26","slug":"corte-de-luz-en-un-sector-de-la-ciudad-18","status":"publish","type":"post","link":"https:\/\/cdnoticias.com\/index.php\/2025\/09\/11\/corte-de-luz-en-un-sector-de-la-ciudad-18\/","title":{"rendered":"Corte de luz en un sector de la ciudad"},"content":{"rendered":"\n<p>Se desarrollar\u00e1 durante la ma\u00f1ana de este viernes por mantenimiento de la red el\u00e9ctrica.<\/p>\n\n\n\n<hr class=\"wp-block-separator aligncenter has-alpha-channel-opacity\"\/>\n\n\n\n<p>Desde Coopelectric se inform\u00f3 la <strong>interrupci\u00f3n del servicio el\u00e9ctrico en un sector <\/strong>de la ciudad.<\/p>\n\n\n\n<p><\/p>\n\n\n\n<p>Ser\u00e1 este<strong> viernes en el horario de 08:00 a 11:00<\/strong> y afectar\u00e1 la <strong>avenida Urquiza, Calle 118, Calle 130 y avenida La Rioja.\u00a0<\/strong><\/p>\n\n\n\n<p><\/p>\n\n\n\n<p>Por \u00faltimo, indicaron que<strong> el motivo es por mantenimiento<\/strong> y que <strong>puede suspenderse si las condiciones clim\u00e1ticas son adversas<\/strong>. En tal caso, las tareas ser\u00e1n reprogramadas.<\/p>\n\n\n\n<p><\/p>\n","protected":false},"excerpt":{"rendered":"<p>Se desarrollar\u00e1 durante la ma\u00f1ana de este viernes por mantenimiento de la red el\u00e9ctrica. Desde Coopelectric se inform\u00f3 la interrupci\u00f3n<\/p>\n","protected":false},"author":6,"featured_media":41402,"comment_status":"closed","ping_status":"closed","sticky":false,"template":"","format":"standard","meta":{"_jetpack_memberships_contains_paid_content":false,"footnotes":""},"categories":[5,1],"tags":[],"class_list":["post-182081","post","type-post","status-publish","format-standard","has-post-thumbnail","hentry","category-informacion-general","category-portada"],"jetpack_featured_media_url":"https:\/\/i0.wp.com\/cdnoticias.com\/wp-content\/uploads\/2021\/12\/coopelectric-camion1.jpg?fit=1540%2C856&ssl=1","jetpack_sharing_enabled":true,"_links":{"self":[{"href":"https:\/\/cdnoticias.com\/index.php\/wp-json\/wp\/v2\/posts\/182081","targetHints":{"allow":["GET"]}}],"collection":[{"href":"https:\/\/cdnoticias.com\/index.php\/wp-json\/wp\/v2\/posts"}],"about":[{"href":"https:\/\/cdnoticias.com\/index.php\/wp-json\/wp\/v2\/types\/post"}],"author":[{"embeddable":true,"href":"https:\/\/cdnoticias.com\/index.php\/wp-json\/wp\/v2\/users\/6"}],"replies":[{"embeddable":true,"href":"https:\/\/cdnoticias.com\/index.php\/wp-json\/wp\/v2\/comments?post=182081"}],"version-history":[{"count":0,"href":"https:\/\/cdnoticias.com\/index.php\/wp-json\/wp\/v2\/posts\/182081\/revisions"}],"wp:featuredmedia":[{"embeddable":true,"href":"https:\/\/cdnoticias.com\/index.php\/wp-json\/wp\/v2\/media\/41402"}],"wp:attachment":[{"href":"https:\/\/cdnoticias.com\/index.php\/wp-json\/wp\/v2\/media?parent=182081"}],"wp:term":[{"taxonomy":"category","embeddable":true,"href":"https:\/\/cdnoticias.com\/index.php\/wp-json\/wp\/v2\/categories?post=182081"},{"taxonomy":"post_tag","embeddable":true,"href":"https:\/\/cdnoticias.com\/index.php\/wp-json\/wp\/v2\/tags?post=182081"}],"curies":[{"name":"wp","href":"https:\/\/api.w.org\/{rel}","templated":true}]}}