{"id":182077,"date":"2025-09-11T18:30:31","date_gmt":"2025-09-11T21:30:31","guid":{"rendered":"https:\/\/cdnoticias.com\/?p=182077"},"modified":"2025-09-11T18:30:33","modified_gmt":"2025-09-11T21:30:33","slug":"sala-cabral-presenta-canciones-para-contar-este-sabado","status":"publish","type":"post","link":"https:\/\/cdnoticias.com\/index.php\/2025\/09\/11\/sala-cabral-presenta-canciones-para-contar-este-sabado\/","title":{"rendered":"Sala Cabral presenta \u201cCanciones para contar\u201d este s\u00e1bado"},"content":{"rendered":"\n<p>El espect\u00e1culo re\u00fane a In\u00e9s Madd\u00edo, Agust\u00edn Begue e Ignacio Montoya Carlotto. La funci\u00f3n ser\u00e1 el 13 de septiembre a las 21 en Sargento Cabral 3232.<\/p>\n\n\n\n<hr class=\"wp-block-separator aligncenter has-alpha-channel-opacity\"\/>\n\n\n\n<p>La <strong>Sala Cabral recibir\u00e1 este s\u00e1bado 13 de septiembre a las 21 horas la propuesta musical \u201cCanciones para contar\u201d, <\/strong>un espect\u00e1culo que entrelaza m\u00fasica y palabra en un recorrido sensible a partir de un repertorio de distintos autores, entre ellos Ignacio Montoya Carlotto.<\/p>\n\n\n\n<p>La puesta busca <strong>generar un di\u00e1logo entre canciones e historias personales y colectivas, en una experiencia que invita a la reflexi\u00f3n y la conversaci\u00f3n con el p\u00fablico.<\/strong><\/p>\n\n\n\n<p>En esta presentaci\u00f3n estar\u00e1n:<\/p>\n\n\n\n<p>In\u00e9s Madd\u00edo, voz<\/p>\n\n\n\n<p>Agust\u00edn Begue, guitarra y voz<\/p>\n\n\n\n<p>Ignacio Montoya Carlotto, piano y voz<\/p>\n\n\n\n<p>Las entradas tienen un valor de $14.000 y se encuentran disponibles con reserva previa. Las mismas pueden solicitarse v\u00eda WhatsApp al 02284-619066.<\/p>\n\n\n\n<p>Ignacio Montoya Carlotto, pianista, compositor y arreglador, cuenta con una amplia trayectoria nacional e internacional. A lo largo de su carrera trabaj\u00f3 junto a artistas como Le\u00f3n Gieco, Ricardo Mollo, Liliana Herrero, Hugo Fattoruso y Bersuit Vergarabat, entre muchos otros. Adem\u00e1s, sus discos han sido reconocidos en el \u00e1mbito musical, incluyendo una nominaci\u00f3n a los Premios Gardel en 2019.<\/p>\n","protected":false},"excerpt":{"rendered":"<p>El espect\u00e1culo re\u00fane a In\u00e9s Madd\u00edo, Agust\u00edn Begue e Ignacio Montoya Carlotto. La funci\u00f3n ser\u00e1 el 13 de septiembre a<\/p>\n","protected":false},"author":2,"featured_media":169160,"comment_status":"closed","ping_status":"closed","sticky":false,"template":"","format":"standard","meta":{"_jetpack_memberships_contains_paid_content":false,"footnotes":""},"categories":[9,1],"tags":[],"class_list":["post-182077","post","type-post","status-publish","format-standard","has-post-thumbnail","hentry","category-cultura","category-portada"],"jetpack_featured_media_url":"https:\/\/i0.wp.com\/cdnoticias.com\/wp-content\/uploads\/2025\/04\/maddio-montoya-begue.jpg?fit=800%2C445&ssl=1","jetpack_sharing_enabled":true,"_links":{"self":[{"href":"https:\/\/cdnoticias.com\/index.php\/wp-json\/wp\/v2\/posts\/182077","targetHints":{"allow":["GET"]}}],"collection":[{"href":"https:\/\/cdnoticias.com\/index.php\/wp-json\/wp\/v2\/posts"}],"about":[{"href":"https:\/\/cdnoticias.com\/index.php\/wp-json\/wp\/v2\/types\/post"}],"author":[{"embeddable":true,"href":"https:\/\/cdnoticias.com\/index.php\/wp-json\/wp\/v2\/users\/2"}],"replies":[{"embeddable":true,"href":"https:\/\/cdnoticias.com\/index.php\/wp-json\/wp\/v2\/comments?post=182077"}],"version-history":[{"count":0,"href":"https:\/\/cdnoticias.com\/index.php\/wp-json\/wp\/v2\/posts\/182077\/revisions"}],"wp:featuredmedia":[{"embeddable":true,"href":"https:\/\/cdnoticias.com\/index.php\/wp-json\/wp\/v2\/media\/169160"}],"wp:attachment":[{"href":"https:\/\/cdnoticias.com\/index.php\/wp-json\/wp\/v2\/media?parent=182077"}],"wp:term":[{"taxonomy":"category","embeddable":true,"href":"https:\/\/cdnoticias.com\/index.php\/wp-json\/wp\/v2\/categories?post=182077"},{"taxonomy":"post_tag","embeddable":true,"href":"https:\/\/cdnoticias.com\/index.php\/wp-json\/wp\/v2\/tags?post=182077"}],"curies":[{"name":"wp","href":"https:\/\/api.w.org\/{rel}","templated":true}]}}