{"id":182058,"date":"2025-09-11T12:13:38","date_gmt":"2025-09-11T15:13:38","guid":{"rendered":"https:\/\/cdnoticias.com\/?p=182058"},"modified":"2025-09-11T12:13:40","modified_gmt":"2025-09-11T15:13:40","slug":"que-hacer-durante-el-fin-de-semana-en-olavarria","status":"publish","type":"post","link":"https:\/\/cdnoticias.com\/index.php\/2025\/09\/11\/que-hacer-durante-el-fin-de-semana-en-olavarria\/","title":{"rendered":"\u00bfQu\u00e9 hacer durante el fin de semana en Olavarr\u00eda?"},"content":{"rendered":"\n<p>La agenda cultural y recreativa propuesta por el Municipio desde este jueves hasta el domingo.<\/p>\n\n\n\n<hr class=\"wp-block-separator has-alpha-channel-opacity\"\/>\n\n\n\n<p>Diferentes propuestas culturales, tur\u00edsticas, recreativas y deportivas para este fin de semana, se desarrollar\u00e1n en distintos puntos de la ciudad y localidades.<\/p>\n\n\n\n<p><\/p>\n\n\n\n<p>El cronograma de actividades, que comprende<strong> obras teatrales, espect\u00e1culos, feria, cine, caminatas guiadas, pe\u00f1as folkl\u00f3ricas, conciertos y distintas celebraciones.<\/strong><\/p>\n\n\n\n<p><\/p>\n\n\n\n<p>Este finde se destaca cuarta edici\u00f3n de la<a href=\"https:\/\/cdnoticias.com\/index.php\/2025\/09\/09\/fiesta-dia-del-inmigrante-conoce-el-cronograma-completo\/\" data-type=\"link\" data-id=\"https:\/\/cdnoticias.com\/index.php\/2025\/09\/09\/fiesta-dia-del-inmigrante-conoce-el-cronograma-completo\/\"> Fiesta por el D\u00eda del Inmigrante<\/a>, que se llevar\u00e1 cabo este domingo 14 de septiembre, de 12 a 20 horas, en el Centro Cultural \u201cSan Jos\u00e9\u201d.<\/p>\n\n\n\n<p><\/p>\n\n\n\n<p>El evento contar\u00e1 con una gran feria gastron\u00f3mica con propuestas de las diferentes colectividades del Partido de Olavarr\u00eda y tambi\u00e9n estar\u00e1n presentes cerveceros locales. Habr\u00e1 un escenario con danzas t\u00edpicas, y grupos musicales durante toda la jornada, y dentro del Centro Cultural se desarrollar\u00e1 una muestra est\u00e1tica con objetos y trajes t\u00edpicos de las colectividades.<\/p>\n\n\n\n<p><\/p>\n\n\n\n<p><strong>Jueves 11 de septiembre<\/strong><\/p>\n\n\n\n<p><\/p>\n\n\n\n<p><strong>10:00 a 16:00 horas<br>Feria Artesanal \u2013 Centro de D\u00eda y Casa de Abrigo \u201cMujeres Adolescentes\u201d (Gral. Paz 4227)<\/strong><\/p>\n\n\n\n<p><\/p>\n\n\n\n<p>La actividad tendr\u00e1 lugar en la sede institucional, donde la comunidad podr\u00e1 acercarse a conocer y adquirir diversas producciones realizadas en los talleres.<\/p>\n\n\n\n<p><\/p>\n\n\n\n<p>En esta oportunidad se presentar\u00e1n trabajos art\u00edsticos, textiles, productos de cosm\u00e9tica, reposter\u00eda artesanal y otras elaboraciones creadas por las adolescentes junto a sus referentes.<\/p>\n\n\n\n<p><\/p>\n\n\n\n<p>Adem\u00e1s de la exhibici\u00f3n y venta, la feria constituye un espacio para compartir y visibilizar lo trabajado durante el a\u00f1o en los talleres de arte, peluquer\u00eda, manicur\u00eda, dise\u00f1o de indumentaria, pasteler\u00eda y cosmetolog\u00eda, promoviendo el encuentro con las familias y la comunidad.<\/p>\n\n\n\n<p><\/p>\n\n\n\n<p><strong>21:00 horas<br>\u201cMade in Lan\u00fas\u201d \u2013 Teatro Municipal<\/strong><\/p>\n\n\n\n<p><\/p>\n\n\n\n<p>El regreso m\u00e1s esperado a la cartelera teatral del cl\u00e1sico argentino que emocion\u00f3 a todo el pa\u00eds, con direcci\u00f3n de Luis Brandoni.<\/p>\n\n\n\n<p><\/p>\n\n\n\n<p>Entradas (numeradas en plateas): $ 44000 platea baja- $ 41800 platea alta- $38500 sillas de palcos- $ 35200 pullman. Venta en Tecnocentro (Rivadavia 3065) en efectivo. Venta en el Teatro Municipal (Rivadavia 2780) con tarjetas de cr\u00e9dito, d\u00e9bito y billeteras virtuales. Venta on line www.articket.com.ar con cr\u00e9dito y d\u00e9bito.<\/p>\n\n\n\n<p><\/p>\n\n\n\n<p><strong>S\u00e1bado 13 de septiembre<\/strong><\/p>\n\n\n\n<p><\/p>\n\n\n\n<p><strong>10:00 a 13:00 horas<br>\u201cMercados bonaerenses\u201d con productores locales \u2013 Parque Mitre (Necochea y Brown)<\/strong><\/p>\n\n\n\n<p><\/p>\n\n\n\n<p>La feria se desarrollar\u00e1 de 10 a 13 horas en el Parque Mitre, espec\u00edficamente en el sector de Necochea y Brown.<\/p>\n\n\n\n<p><\/p>\n\n\n\n<p>Se podr\u00e1n encontrar elaboraciones como: panificados dulces y salados, huevos de campo, bebidas, quesos, legumbres, cereales y harinas, o productos Agroecol\u00f3gicos, plantas y plantines, miel, verduras y productos sin tacc, alfajores artesanales.<\/p>\n\n\n\n<p><\/p>\n\n\n\n<p>Caber aclarar que esta vez no estar\u00e1n los camiones de pastas, l\u00e1cteos y pescados. Se solicita a los asistentes llevar bolsas para sus compras.<\/p>\n\n\n\n<p><\/p>\n\n\n\n<p><strong>14:00 horas<br>\u201cBarrios con historia\u201d \u2013 Punto de partida: Museo Estaci\u00f3n de Sierras Bayas<\/strong><\/p>\n\n\n\n<p><\/p>\n\n\n\n<p>El horario de partida ser\u00e1 las 14 horas, desde el Museo Municipal Estaci\u00f3n de Sierras Bayas, con un itinerario que tendr\u00e1 una duraci\u00f3n aproximada de 2 horas. Se trata de una caminata de 2,5 km (dificultad baja) que incluye un recorrido por distintos puntos que fueron parte de la historia productiva local. El circuito comprende barrios, monumentos, iglesia, el Monumento al Trabajador del Cemento y el Cerro del Diablo.<\/p>\n\n\n\n<p><\/p>\n\n\n\n<figure class=\"wp-block-embed is-type-wp-embed is-provider-central-de-noticias-olavarr-a wp-block-embed-central-de-noticias-olavarr-a\"><div class=\"wp-block-embed__wrapper\">\n<blockquote class=\"wp-embedded-content\" data-secret=\"j2C0ENLiQR\"><a href=\"https:\/\/cdnoticias.com\/index.php\/2025\/09\/08\/nueva-edicion-de-barrios-con-historia-en-sierras-bayas\/\">Nueva edici\u00f3n de \u201cBarrios con historia\u201d en Sierras Bayas<\/a><\/blockquote><iframe loading=\"lazy\" class=\"wp-embedded-content\" sandbox=\"allow-scripts\" security=\"restricted\" style=\"position: absolute; visibility: hidden;\" title=\"&#8220;Nueva edici\u00f3n de \u201cBarrios con historia\u201d en Sierras Bayas&#8221; &#8212; Central de Noticias | Olavarr\u00eda\" src=\"https:\/\/cdnoticias.com\/index.php\/2025\/09\/08\/nueva-edicion-de-barrios-con-historia-en-sierras-bayas\/embed\/#?secret=JRUT7JC3E0#?secret=j2C0ENLiQR\" data-secret=\"j2C0ENLiQR\" width=\"600\" height=\"338\" frameborder=\"0\" marginwidth=\"0\" marginheight=\"0\" scrolling=\"no\"><\/iframe>\n<\/div><\/figure>\n\n\n\n<p><\/p>\n\n\n\n<p>El programa permite a los propios olavarrienses que conozcan mejor su ciudad y localidades para valorar sus atractivos tur\u00edsticos y que los visitantes puedan disfrutar, descubrir e identificarse recorriendo diversos itinerarios parte de la historia.<\/p>\n\n\n\n<p><\/p>\n\n\n\n<p>Se aconseja llevar: pantal\u00f3n largo y calzado c\u00f3modo y mochila con una botellita de agua y equipo de mate. Aquellas personas interesadas en participar podr\u00e1n hacerlo completando el<a href=\"https:\/\/docs.google.com\/forms\/d\/e\/1FAIpQLScJmUNWfWH5BtCuVr5ACGUTscvWrfUAOrm4vvqQDxkTCezvcw\/viewform\" data-type=\"link\" data-id=\"https:\/\/docs.google.com\/forms\/d\/e\/1FAIpQLScJmUNWfWH5BtCuVr5ACGUTscvWrfUAOrm4vvqQDxkTCezvcw\/viewform\"> siguiente formulario.<\/a><\/p>\n\n\n\n<p><\/p>\n\n\n\n<p><strong>15:30 horas<\/strong><\/p>\n\n\n\n<p><strong>Loma Negra celebra a Bolivia en el Mes de los inmigrantes \u2013 Museo Hogar Loma Negra<\/strong><\/p>\n\n\n\n<p><\/p>\n\n\n\n<p>En el marco de la propuesta se podr\u00e1n observar im\u00e1genes y objetos que honrar\u00e1n algunas personalidades destacadas, se dar\u00e1n a conocer costumbres, cultura, gastronom\u00eda, el significado de sus coloridos trajes y el vigor de sus danzas t\u00edpicas.<\/p>\n\n\n\n<p><\/p>\n\n\n\n<p>Asimismo, quienes participen, podr\u00e1n aprender algunos pasos b\u00e1sicos para terminar la actividad bailando junto a los Caporales. La actividad es libre y gratuita.<\/p>\n\n\n\n<p><\/p>\n\n\n\n<p><strong>16:00 horas<br>Pe\u00f1a por el D\u00eda del Bailar\u00edn\/a Folkl\u00f3rico \u2013 Casa del Bicentenario<\/strong><\/p>\n\n\n\n<p><\/p>\n\n\n\n<p>El evento se realizar\u00e1 el s\u00e1bado 13 de septiembre, desde las 16 horas, en la Casa del Bicentenario y participar\u00e1n diferentes grupos de danza y el Ensamble de M\u00fasica Popular \u201cOctavio Sabbatini\u201d. La entrada es libre y gratuita.<\/p>\n\n\n\n<p><\/p>\n\n\n\n<p><strong>21:00 horas<br>Presentaci\u00f3n del espect\u00e1culo Corazonada 13 \u201cLa Memoria de la Abuela\u201d de Arrebatando L\u00e1grimas<\/strong><\/p>\n\n\n\n<p><\/p>\n\n\n\n<p>El espect\u00e1culo Corazonada 13 \u201cLA MEMORIA DE LA ABUELA\u201d reunir\u00e1 artistas locales desde distintos lenguajes art\u00edsticos, mu\u00f1ecos a\u00e9reos, elementos escenopl\u00e1sticos, audiovisuales, personajes que construyen el argumento de la tem\u00e1tica con los 60 murgueros en escena que en la actualidad y conforman la agrupaci\u00f3n carnaval era de 26 a\u00f1os de trayectoria.<\/p>\n\n\n\n<p><\/p>\n\n\n\n<p>Entrada (sin numerar): $ 8800 (menores de 8 a\u00f1os no pagan entrada). Venta en Tecnocentro (Rivadavia 3065) en efectivo. Venta en el Teatro Municipal (Rivadavia 2780) con tarjetas de cr\u00e9dito, d\u00e9bito y billeteras virtuales. Venta on line www.articket.com.ar con cr\u00e9dito y d\u00e9bito.<\/p>\n\n\n\n<p><\/p>\n\n\n\n<figure class=\"wp-block-embed is-type-wp-embed is-provider-central-de-noticias-olavarr-a wp-block-embed-central-de-noticias-olavarr-a\"><div class=\"wp-block-embed__wrapper\">\n<blockquote class=\"wp-embedded-content\" data-secret=\"uN0FHUth7N\"><a href=\"https:\/\/cdnoticias.com\/index.php\/2025\/09\/05\/corazonada-no13-la-memoria-de-la-abuela-en-el-teatro-municipal\/\">\u201cCorazonada N\u00ba13: La memoria de la abuela\u201d en el Teatro Municipal\u00a0<\/a><\/blockquote><iframe loading=\"lazy\" class=\"wp-embedded-content\" sandbox=\"allow-scripts\" security=\"restricted\" style=\"position: absolute; visibility: hidden;\" title=\"&#8220;\u201cCorazonada N\u00ba13: La memoria de la abuela\u201d en el Teatro Municipal\u00a0&#8221; &#8212; Central de Noticias | Olavarr\u00eda\" src=\"https:\/\/cdnoticias.com\/index.php\/2025\/09\/05\/corazonada-no13-la-memoria-de-la-abuela-en-el-teatro-municipal\/embed\/#?secret=arimY1k7Y6#?secret=uN0FHUth7N\" data-secret=\"uN0FHUth7N\" width=\"600\" height=\"338\" frameborder=\"0\" marginwidth=\"0\" marginheight=\"0\" scrolling=\"no\"><\/iframe>\n<\/div><\/figure>\n\n\n\n<p><\/p>\n\n\n\n<p><strong>Domingo 14 de septiembre<\/strong><\/p>\n\n\n\n<p><\/p>\n\n\n\n<p><strong>12:00 horas<\/strong><\/p>\n\n\n\n<p><strong>4\u00ba Fiesta \u201cD\u00eda del Inmigrante\u201d \u2013 Centro Cultural \u201cSan Jos\u00e9\u201d<\/strong><\/p>\n\n\n\n<p><\/p>\n\n\n\n<p>El evento contar\u00e1 con una gran feria gastron\u00f3mica con propuestas de las diferentes colectividades del Partido de Olavarr\u00eda y tambi\u00e9n estar\u00e1n presentes cerveceros locales. Adem\u00e1s, habr\u00e1 un escenario con danzas t\u00edpicas, y grupos musicales durante toda la jornada. Asimismo, dentro del Centro Cultural se desarrollar\u00e1 una muestra est\u00e1tica con objetos y trajes t\u00edpicos de las colectividades.<\/p>\n\n\n\n<p><\/p>\n\n\n\n<figure class=\"wp-block-embed is-type-wp-embed is-provider-central-de-noticias-olavarr-a wp-block-embed-central-de-noticias-olavarr-a\"><div class=\"wp-block-embed__wrapper\">\n<blockquote class=\"wp-embedded-content\" data-secret=\"paa1l8im0I\"><a href=\"https:\/\/cdnoticias.com\/index.php\/2025\/09\/09\/fiesta-dia-del-inmigrante-conoce-el-cronograma-completo\/\">Fiesta \u201cD\u00eda del Inmigrante\u201d : conoc\u00e9 el cronograma completo<\/a><\/blockquote><iframe loading=\"lazy\" class=\"wp-embedded-content\" sandbox=\"allow-scripts\" security=\"restricted\" style=\"position: absolute; visibility: hidden;\" title=\"&#8220;Fiesta \u201cD\u00eda del Inmigrante\u201d : conoc\u00e9 el cronograma completo&#8221; &#8212; Central de Noticias | Olavarr\u00eda\" src=\"https:\/\/cdnoticias.com\/index.php\/2025\/09\/09\/fiesta-dia-del-inmigrante-conoce-el-cronograma-completo\/embed\/#?secret=pCCeq8LhTz#?secret=paa1l8im0I\" data-secret=\"paa1l8im0I\" width=\"600\" height=\"338\" frameborder=\"0\" marginwidth=\"0\" marginheight=\"0\" scrolling=\"no\"><\/iframe>\n<\/div><\/figure>\n\n\n\n<p><\/p>\n\n\n\n<p><strong>12:00 horas<br>114\u00ba Aniversario de Recalde \u2013 Plaza Dami\u00e1n Recalde y Club Atl\u00e9tico y Social de Recalde<\/strong><\/p>\n\n\n\n<p><\/p>\n\n\n\n<p>El cronograma se iniciar\u00e1 a las 12 horas con el acto protocolar en la Plaza Dami\u00e1n Recalde, la recepci\u00f3n de autoridades y el tradicional desfile, del que participar\u00e1n el Jard\u00edn de Infantes N\u00ba 910. \u201cRosario Vera Pe\u00f1aloza\u201d, la Escuela Primaria N\u00b010 \u201cMart\u00edn Miguel de G\u00fcemes\u201d, Escuela Secundaria N\u00b019 \u201cVeteranas de Malvinas\u201d, Veteranos de Malvinas, Asociaci\u00f3n Civil El Cauqu\u00e9n, Asociaci\u00f3n Civil Recalde Amanece.<\/p>\n\n\n\n<p><\/p>\n\n\n\n<p>A las 12:30 horas se realizar\u00e1 el almuerzo en la carpa que se instalar\u00e1 en el play\u00f3n del Club Atl\u00e9tico y Social de Recalde, con stands gastron\u00f3micos, y habr\u00e1 reconocimientos para distintos vecinos y vecinas de la localidad, por su participaci\u00f3n, colaboraci\u00f3n y aporte con la comunidad.<\/p>\n\n\n\n<p><\/p>\n\n\n\n<figure class=\"wp-block-embed is-type-wp-embed is-provider-central-de-noticias-olavarr-a wp-block-embed-central-de-noticias-olavarr-a\"><div class=\"wp-block-embed__wrapper\">\n<blockquote class=\"wp-embedded-content\" data-secret=\"7vOOQkU6sK\"><a href=\"https:\/\/cdnoticias.com\/index.php\/2025\/09\/06\/el-domingo-14-de-septiembre-recalde-festejara-sus-114-anos\/\">El domingo 14 de septiembre Recalde festejar\u00e1 sus 114 a\u00f1os<\/a><\/blockquote><iframe loading=\"lazy\" class=\"wp-embedded-content\" sandbox=\"allow-scripts\" security=\"restricted\" style=\"position: absolute; visibility: hidden;\" title=\"&#8220;El domingo 14 de septiembre Recalde festejar\u00e1 sus 114 a\u00f1os&#8221; &#8212; Central de Noticias | Olavarr\u00eda\" src=\"https:\/\/cdnoticias.com\/index.php\/2025\/09\/06\/el-domingo-14-de-septiembre-recalde-festejara-sus-114-anos\/embed\/#?secret=TwZuXJtTDs#?secret=7vOOQkU6sK\" data-secret=\"7vOOQkU6sK\" width=\"600\" height=\"338\" frameborder=\"0\" marginwidth=\"0\" marginheight=\"0\" scrolling=\"no\"><\/iframe>\n<\/div><\/figure>\n\n\n\n<p><\/p>\n\n\n\n<p>La grilla art\u00edstica iniciar\u00e1 a las 13:30 horas con la actuaci\u00f3n del grupo La Diferente y diferentes pe\u00f1as (El Cauqu\u00e9n, Espigas Baila Folklore, Recalde Amanece) y posteriormente se proceder\u00e1 al corte de torta aniversario.<\/p>\n\n\n\n<p><\/p>\n\n\n\n<p>Luego continuar\u00e1n los shows con Mart\u00edn Barraza, Juan Echegoyen, Yanina Dotzel, Los Kumbieros, y el cierre ser\u00e1 a puro baile con La Diferente.<\/p>\n\n\n\n<p><\/p>\n\n\n\n<p><strong>15:00 horas<br>Ciclo de Cine en el marco del Mes del Inmigrante \u2013 Museo Hogar de Loma Negra<\/strong><\/p>\n\n\n\n<p><\/p>\n\n\n\n<p>Se trata de una propuesta de la direcci\u00f3n de Patrimonio Cultural del municipio de Olavarr\u00eda junto al Museo Hogar de Loma Negra y el director del Festival Latinoamericano de Cine de Olavarr\u00eda (FeLCO), Sebasti\u00e1n Magallanes.<\/p>\n\n\n\n<p><\/p>\n\n\n\n<p>Este domingo se proyectar\u00e1 \u201cRocco y sus hermanos\u201d (1960), dirigida por Luchino Visconti, un poderoso drama sobre una familia del sur de Italia que migra a Mil\u00e1n en busca de una vida mejor. La pel\u00edcula explora los lazos familiares, el amor, la violencia y la desintegraci\u00f3n moral a trav\u00e9s de la historia de cinco hermanos, especialmente Rocco y Simone. Con una narrativa intensa y actuaciones memorables, Visconti mezcla realismo social con una est\u00e9tica oper\u00e1tica. Es una obra clave del cine italiano que refleja el conflicto entre tradici\u00f3n y modernidad.<\/p>\n\n\n\n<p><\/p>\n\n\n\n<p><strong>15:30 horas<br>Juguemos en la Plaza \u2013 Av. Alberdi y Fassina<\/strong><\/p>\n\n\n\n<p><br>Desde las 15:30 horas profesores de la Subsecretar\u00eda de Deportes desplegar\u00e1n distintas propuestas pensadas para los m\u00e1s chicos, tanto desde el aspecto l\u00fadico y recreativo, como as\u00ed tambi\u00e9n en la educaci\u00f3n f\u00edsica y vinculaci\u00f3n social.<\/p>\n\n\n\n<p><\/p>\n\n\n\n<p>La propuesta es libre y gratuita, deber\u00e1n acercarse \u00fanicamente con una botellita de agua y muchas ganas de divertirse.<\/p>\n\n\n\n<p><\/p>\n\n\n\n<p><strong>20:00 horas<br>\u201cCl\u00e1sica y Solidaria\u201d a beneficio de la Biblioteca Popular \u201cDel otro lado del \u00e1rbol\u201d<\/strong><\/p>\n\n\n\n<p><\/p>\n\n\n\n<p>Una nueva edici\u00f3n del ciclo \u201cCl\u00e1sica y Solidaria\u201d, a cargo de la Orquesta Sinf\u00f3nica Municipal de Olavarr\u00eda, dirigida por el mtro. Diego Lurbe, tendr\u00e1 lugar el pr\u00f3ximo domingo 14 de septiembre a las 20 horas en el Teatro Municipal. En esta oportunidad, el concierto ser\u00e1 a beneficio de la Biblioteca \u201cDel otro lado del \u00e1rbol\u201d.<\/p>\n\n\n\n<p><\/p>\n\n\n\n<p>La modalidad es con entrada libre y gratuita, pero se habilitar\u00e1 un sistema de colaboraci\u00f3n a voluntad. Quienes deseen realizar un aporte para la instituci\u00f3n podr\u00e1n hacerlo mediante efectivo (por sobre) o billetera virtual.<\/p>\n\n\n\n<p><\/p>\n\n\n\n<figure class=\"wp-block-embed is-type-wp-embed is-provider-central-de-noticias-olavarr-a wp-block-embed-central-de-noticias-olavarr-a\"><div class=\"wp-block-embed__wrapper\">\n<blockquote class=\"wp-embedded-content\" data-secret=\"LTGKATtObt\"><a href=\"https:\/\/cdnoticias.com\/index.php\/2025\/09\/08\/clasica-y-solidaria-a-beneficio-de-la-biblioteca-del-otro-lado-del-arbol\/\">\u201cCl\u00e1sica y Solidaria\u201d a beneficio de la Biblioteca \u201cDel otro lado del \u00e1rbol\u201d<\/a><\/blockquote><iframe loading=\"lazy\" class=\"wp-embedded-content\" sandbox=\"allow-scripts\" security=\"restricted\" style=\"position: absolute; visibility: hidden;\" title=\"&#8220;\u201cCl\u00e1sica y Solidaria\u201d a beneficio de la Biblioteca \u201cDel otro lado del \u00e1rbol\u201d&#8221; &#8212; Central de Noticias | Olavarr\u00eda\" src=\"https:\/\/cdnoticias.com\/index.php\/2025\/09\/08\/clasica-y-solidaria-a-beneficio-de-la-biblioteca-del-otro-lado-del-arbol\/embed\/#?secret=aqyadbapvi#?secret=LTGKATtObt\" data-secret=\"LTGKATtObt\" width=\"600\" height=\"338\" frameborder=\"0\" marginwidth=\"0\" marginheight=\"0\" scrolling=\"no\"><\/iframe>\n<\/div><\/figure>\n\n\n\n<p><\/p>\n\n\n\n<p>Como particularidad, este concierto contar\u00e1 con la participaci\u00f3n del solista en piano Maximiliano Gili (Ganador del concurso \u201cManuel Rego\u201d 2025).<\/p>\n\n\n\n<p><\/p>\n\n\n\n<p>La Biblioteca Popular \u201cDel otro lado del \u00e1rbol\u201d desde hace 12 a\u00f1os funciona en el Parque \u201cHelios Eseverri\u201d (Rivadavia y Juan XXIII). Es un espacio social y cultural recuperado, que cont\u00f3 desde sus inicios con el apoyo del Municipio de Olavarr\u00eda, empresas locales y de toda la comunidad, que abrazaron este proyecto.<\/p>\n\n\n\n<p><\/p>\n\n\n\n<p><\/p>\n","protected":false},"excerpt":{"rendered":"<p>La agenda cultural y recreativa propuesta por el Municipio desde este jueves hasta el domingo. Diferentes propuestas culturales, tur\u00edsticas, recreativas<\/p>\n","protected":false},"author":5,"featured_media":181560,"comment_status":"closed","ping_status":"closed","sticky":false,"template":"","format":"standard","meta":{"_jetpack_memberships_contains_paid_content":false,"footnotes":""},"categories":[9,1],"tags":[],"class_list":["post-182058","post","type-post","status-publish","format-standard","has-post-thumbnail","hentry","category-cultura","category-portada"],"jetpack_featured_media_url":"https:\/\/i0.wp.com\/cdnoticias.com\/wp-content\/uploads\/2025\/09\/dia-del-inmigrante1.jpg?fit=900%2C532&ssl=1","jetpack_sharing_enabled":true,"_links":{"self":[{"href":"https:\/\/cdnoticias.com\/index.php\/wp-json\/wp\/v2\/posts\/182058","targetHints":{"allow":["GET"]}}],"collection":[{"href":"https:\/\/cdnoticias.com\/index.php\/wp-json\/wp\/v2\/posts"}],"about":[{"href":"https:\/\/cdnoticias.com\/index.php\/wp-json\/wp\/v2\/types\/post"}],"author":[{"embeddable":true,"href":"https:\/\/cdnoticias.com\/index.php\/wp-json\/wp\/v2\/users\/5"}],"replies":[{"embeddable":true,"href":"https:\/\/cdnoticias.com\/index.php\/wp-json\/wp\/v2\/comments?post=182058"}],"version-history":[{"count":0,"href":"https:\/\/cdnoticias.com\/index.php\/wp-json\/wp\/v2\/posts\/182058\/revisions"}],"wp:featuredmedia":[{"embeddable":true,"href":"https:\/\/cdnoticias.com\/index.php\/wp-json\/wp\/v2\/media\/181560"}],"wp:attachment":[{"href":"https:\/\/cdnoticias.com\/index.php\/wp-json\/wp\/v2\/media?parent=182058"}],"wp:term":[{"taxonomy":"category","embeddable":true,"href":"https:\/\/cdnoticias.com\/index.php\/wp-json\/wp\/v2\/categories?post=182058"},{"taxonomy":"post_tag","embeddable":true,"href":"https:\/\/cdnoticias.com\/index.php\/wp-json\/wp\/v2\/tags?post=182058"}],"curies":[{"name":"wp","href":"https:\/\/api.w.org\/{rel}","templated":true}]}}