{"id":182043,"date":"2025-09-11T09:38:03","date_gmt":"2025-09-11T12:38:03","guid":{"rendered":"https:\/\/cdnoticias.com\/?p=182043"},"modified":"2025-09-11T11:54:01","modified_gmt":"2025-09-11T14:54:01","slug":"este-jueves-sesiona-el-concejo-deliberante-con-27-proyectos-en-debate","status":"publish","type":"post","link":"https:\/\/cdnoticias.com\/index.php\/2025\/09\/11\/este-jueves-sesiona-el-concejo-deliberante-con-27-proyectos-en-debate\/","title":{"rendered":"EN VIVO &#8211; Este jueves sesiona el Concejo Deliberante con 27 proyectos en debate"},"content":{"rendered":"<p>Se tratar\u00e1 la declaraci\u00f3n de \u201cvecina destacada\u201d para una m\u00e9dica de Olavarr\u00eda que se desempe\u00f1a en el Hospital Garrahan. Adem\u00e1s, ingres\u00f3 para comisiones el proyecto de programa de viviendas en Loma Negra.<!--more--><\/p>\n<hr \/>\n<p>Este jueves<strong> sesiona el Concejo Deliberante de Olavarr\u00eda<\/strong>. Se trata de la <strong>12\u00aa sesi\u00f3n ordinaria<\/strong> del a\u00f1o para la que se incluyeron <strong>27 proyectos<\/strong> para votaci\u00f3n de los concejales.<\/p>\n<p>De ellos, <strong>23 son ordenanzas de donaci\u00f3n de inmuebles<\/strong> sobre los que se espera la aprobaci\u00f3n por unanimidad.<\/p>\n<blockquote><p>Adem\u00e1s, se votar\u00e1 la declaraci\u00f3n de \u201cvecina destacada\u201d para la m\u00e9dica Mar\u00eda Soledad Arb\u00edo \u201cpor su trayectoria profesional, acad\u00e9mica y social en el Hospital Garrahan\u201d. Se desempe\u00f1a desde hace 16 a\u00f1os en ese centro de salud en CABA.<\/p><\/blockquote>\n<p><iframe loading=\"lazy\" width=\"560\" height=\"315\" src=\"https:\/\/www.youtube.com\/embed\/06ctNdADVbI?si=iqmNrVqyW-5BfOYf\" title=\"YouTube video player\" frameborder=\"0\" allow=\"accelerometer; autoplay; clipboard-write; encrypted-media; gyroscope; picture-in-picture; web-share\" referrerpolicy=\"strict-origin-when-cross-origin\" allowfullscreen><\/iframe><\/p>\n<p>Es una iniciativa impulsada por el bloque Uni\u00f3n por la Patria, al igual que la propuesta de <strong>declarar de inter\u00e9s legislativo al tercer <a href=\"https:\/\/cdnoticias.com\/index.php\/2025\/09\/08\/tercer-congreso-educativo-regional-propuestas-variadas-durante-tres-dias\/\" target=\"_blank\" rel=\"noopener\">Congreso Educativo Regional<\/a><\/strong>.<\/p>\n<p>Por \u00faltimo, se tratar\u00e1 un proyecto presentado por los bloques PRO-ERF y Juntos por Olavarr\u00eda para <strong>solicitar al Ejecutivo la construcci\u00f3n de una rampa de acceso a la Escuela Primaria N\u00ba 6<\/strong> ubicada en Alberdi y Trabajadores.<\/p>\n<p>En tanto, entre los <strong>proyectos ingresados para estudio<\/strong> de los concejales se cuenta una propuesta del Departamento Ejecutivo Municipal para <strong>crear la ordenanza del Programa Municipal de Viviendas \u2013 Lotes con Servicios en Loma Negra<\/strong>. El expediente pasar\u00e1 a las <em>comisiones de Infraestructura, Hacienda y Legislaci\u00f3n.<\/em><\/p>\n<p>De igual manera suceder\u00e1 con un proyecto presentado por <strong>un vecino que solicit\u00f3 la construcci\u00f3n de una rampa de acceso al establecimiento Taller Protegido<\/strong> de Vicente L\u00f3pez 3271. Joel Mat\u00edas Levonchuk es el autor de la iniciativa.<\/p>\n<p>Tambi\u00e9n<strong> impulsada por un vecino<\/strong>, Nicol\u00e1s Leal, se present\u00f3 un proyecto de comunicaci\u00f3n para solicitar al <strong>Ejecutivo que \u201cinterceda ante Vialidad Provincial para el arreglo de la ruta 51 en el ingreso al barrio 25 de Mayo de la localidad de Loma Negra\u201d<\/strong>. El proyecto pasar\u00e1 a las <em>comisiones de Localidades, Infraestructura, Hacienda y Legislaci\u00f3n.<\/em><\/p>\n<p>Finalmente, impulsado por el bloque Uni\u00f3n por la Patria se present\u00f3 un <strong>proyecto de ordenanza sobre \u201cpermanencia de animales de producci\u00f3n sueltos en espacios p\u00fablicos\u201d<\/strong>.<\/p>\n","protected":false},"excerpt":{"rendered":"<p>Se tratar\u00e1 la declaraci\u00f3n de \u201cvecina destacada\u201d para una m\u00e9dica de Olavarr\u00eda que se desempe\u00f1a en el Hospital Garrahan. Adem\u00e1s,<\/p>\n","protected":false},"author":4,"featured_media":182044,"comment_status":"closed","ping_status":"closed","sticky":false,"template":"","format":"standard","meta":{"_jetpack_memberships_contains_paid_content":false,"footnotes":""},"categories":[4],"tags":[],"class_list":["post-182043","post","type-post","status-publish","format-standard","has-post-thumbnail","hentry","category-politica"],"jetpack_featured_media_url":"https:\/\/i0.wp.com\/cdnoticias.com\/wp-content\/uploads\/2025\/09\/HCD-sesion-11-de-septiembre.jpg?fit=1000%2C563&ssl=1","jetpack_sharing_enabled":true,"_links":{"self":[{"href":"https:\/\/cdnoticias.com\/index.php\/wp-json\/wp\/v2\/posts\/182043","targetHints":{"allow":["GET"]}}],"collection":[{"href":"https:\/\/cdnoticias.com\/index.php\/wp-json\/wp\/v2\/posts"}],"about":[{"href":"https:\/\/cdnoticias.com\/index.php\/wp-json\/wp\/v2\/types\/post"}],"author":[{"embeddable":true,"href":"https:\/\/cdnoticias.com\/index.php\/wp-json\/wp\/v2\/users\/4"}],"replies":[{"embeddable":true,"href":"https:\/\/cdnoticias.com\/index.php\/wp-json\/wp\/v2\/comments?post=182043"}],"version-history":[{"count":0,"href":"https:\/\/cdnoticias.com\/index.php\/wp-json\/wp\/v2\/posts\/182043\/revisions"}],"wp:featuredmedia":[{"embeddable":true,"href":"https:\/\/cdnoticias.com\/index.php\/wp-json\/wp\/v2\/media\/182044"}],"wp:attachment":[{"href":"https:\/\/cdnoticias.com\/index.php\/wp-json\/wp\/v2\/media?parent=182043"}],"wp:term":[{"taxonomy":"category","embeddable":true,"href":"https:\/\/cdnoticias.com\/index.php\/wp-json\/wp\/v2\/categories?post=182043"},{"taxonomy":"post_tag","embeddable":true,"href":"https:\/\/cdnoticias.com\/index.php\/wp-json\/wp\/v2\/tags?post=182043"}],"curies":[{"name":"wp","href":"https:\/\/api.w.org\/{rel}","templated":true}]}}