{"id":182041,"date":"2025-09-11T09:02:54","date_gmt":"2025-09-11T12:02:54","guid":{"rendered":"https:\/\/cdnoticias.com\/?p=182041"},"modified":"2025-09-11T09:02:56","modified_gmt":"2025-09-11T12:02:56","slug":"gustavo-nestor-cartolano-cartucho-q-e-p-d-2","status":"publish","type":"post","link":"https:\/\/cdnoticias.com\/index.php\/2025\/09\/11\/gustavo-nestor-cartolano-cartucho-q-e-p-d-2\/","title":{"rendered":"Gustavo N\u00e9stor Cartolano \u201cCartucho\u201d (Q.E.P.D.)"},"content":{"rendered":"<p>Falleci\u00f3 en Olavarr\u00eda el 9 de septiembre de 2025 a los 70 a\u00f1os.<\/p>\n<p>Su esposa Noem\u00ed Sotelo; sus hijos Celina, Fernando, Yanina y Luciano; sus nietos Sasha, Benjam\u00edn, Olivia, David y Valent\u00edn; su hermano Luis y dem\u00e1s deudos participan su fallecimiento.<\/p>\n<p>Sus restos fueron velados y recibieron responso, y ser\u00e1n cremados en el Crematorio Pinos de Paz este jueves 11 de septiembre a las 12:30 horas. Servicio adherido a Coopelectric.<\/p>\n<p>Nacido en Laprida, vecino de barrio Hip\u00f3lito Yrigoyen, jubilado de F\u00e1brica LOSA y miembro activo del Grupo Scout Nuestra Se\u00f1ora de Luj\u00e1n.<\/p>\n","protected":false},"excerpt":{"rendered":"<p>Falleci\u00f3 en Olavarr\u00eda el 9 de septiembre de 2025 a los 70 a\u00f1os. Su esposa Noem\u00ed Sotelo; sus hijos Celina,<\/p>\n","protected":false},"author":4,"featured_media":51544,"comment_status":"closed","ping_status":"closed","sticky":false,"template":"","format":"standard","meta":{"_jetpack_memberships_contains_paid_content":false,"footnotes":""},"categories":[10],"tags":[],"class_list":["post-182041","post","type-post","status-publish","format-standard","has-post-thumbnail","hentry","category-necrologicas"],"jetpack_featured_media_url":"https:\/\/i0.wp.com\/cdnoticias.com\/wp-content\/uploads\/2022\/04\/necrologicas-390-x-240.jpg?fit=390%2C240&ssl=1","jetpack_sharing_enabled":true,"_links":{"self":[{"href":"https:\/\/cdnoticias.com\/index.php\/wp-json\/wp\/v2\/posts\/182041","targetHints":{"allow":["GET"]}}],"collection":[{"href":"https:\/\/cdnoticias.com\/index.php\/wp-json\/wp\/v2\/posts"}],"about":[{"href":"https:\/\/cdnoticias.com\/index.php\/wp-json\/wp\/v2\/types\/post"}],"author":[{"embeddable":true,"href":"https:\/\/cdnoticias.com\/index.php\/wp-json\/wp\/v2\/users\/4"}],"replies":[{"embeddable":true,"href":"https:\/\/cdnoticias.com\/index.php\/wp-json\/wp\/v2\/comments?post=182041"}],"version-history":[{"count":0,"href":"https:\/\/cdnoticias.com\/index.php\/wp-json\/wp\/v2\/posts\/182041\/revisions"}],"wp:featuredmedia":[{"embeddable":true,"href":"https:\/\/cdnoticias.com\/index.php\/wp-json\/wp\/v2\/media\/51544"}],"wp:attachment":[{"href":"https:\/\/cdnoticias.com\/index.php\/wp-json\/wp\/v2\/media?parent=182041"}],"wp:term":[{"taxonomy":"category","embeddable":true,"href":"https:\/\/cdnoticias.com\/index.php\/wp-json\/wp\/v2\/categories?post=182041"},{"taxonomy":"post_tag","embeddable":true,"href":"https:\/\/cdnoticias.com\/index.php\/wp-json\/wp\/v2\/tags?post=182041"}],"curies":[{"name":"wp","href":"https:\/\/api.w.org\/{rel}","templated":true}]}}