{"id":182038,"date":"2025-09-11T08:45:45","date_gmt":"2025-09-11T11:45:45","guid":{"rendered":"https:\/\/cdnoticias.com\/?p=182038"},"modified":"2025-09-11T11:22:22","modified_gmt":"2025-09-11T14:22:22","slug":"azul-hallan-el-cuerpo-de-una-mujer-dentro-del-arroyo","status":"publish","type":"post","link":"https:\/\/cdnoticias.com\/index.php\/2025\/09\/11\/azul-hallan-el-cuerpo-de-una-mujer-dentro-del-arroyo\/","title":{"rendered":"Azul: hallan el cuerpo de una mujer dentro del arroyo"},"content":{"rendered":"<p>Personal policial pudo retirar el cuerpo en las compuertas del Parque Municipal en la noche del mi\u00e9rcoles. Se constat\u00f3 el fallecimiento.<!--more--><\/p>\n<hr \/>\n<p>En la<strong> ciudad de Azul<\/strong> se produjo el <strong>hallazgo del cuerpo de una mujer dentro del arroyo<\/strong>. Fue este mi\u00e9rcoles por la noche cuando <strong>se constat\u00f3 el fallecimiento<\/strong> y se dio inicio a una <strong>investigaci\u00f3n penal<\/strong> para establecer la causa del deceso.<\/p>\n<p>Se trata del cuerpo de una <strong>mujer de aproximadamente 29 a\u00f1os<\/strong>. Fue hallada sin vida flotando en el <strong>arroyo en el Parque Municipal.<\/strong><\/p>\n<p><strong>Alrededor de las 22:20<\/strong>, personal policial fue alertado mediante un<strong> llamado al 911<\/strong> sobre la presencia de un cuerpo flotando en las <strong>compuertas del Parque Municipal<\/strong> de Azul.<\/p>\n<blockquote><p>Seg\u00fan trascendi\u00f3, los efectivos se arrojaron al agua para rescatar el cuerpo, que era arrastrado por la corriente. Minutos m\u00e1s tarde, una ambulancia del SAME corrobor\u00f3 que la mujer no presentaba signos vitales.<\/p><\/blockquote>\n<p>Trabajaron <strong>bomberos y efectivos de la Comisar\u00eda Primera de Azul<\/strong> desde donde se inici\u00f3 la<strong> investigaci\u00f3n de la causa de la muerte.<\/strong><\/p>\n<p>Fuente y foto: <em>Noticias de Azul<\/em><\/p>\n","protected":false},"excerpt":{"rendered":"<p>Personal policial pudo retirar el cuerpo en las compuertas del Parque Municipal en la noche del mi\u00e9rcoles. Se constat\u00f3 el<\/p>\n","protected":false},"author":4,"featured_media":182039,"comment_status":"closed","ping_status":"closed","sticky":false,"template":"","format":"standard","meta":{"_jetpack_memberships_contains_paid_content":false,"footnotes":""},"categories":[14,1],"tags":[],"class_list":["post-182038","post","type-post","status-publish","format-standard","has-post-thumbnail","hentry","category-policiales","category-portada"],"jetpack_featured_media_url":"https:\/\/i0.wp.com\/cdnoticias.com\/wp-content\/uploads\/2025\/09\/Noticias-de-Azul-hallan-cuerpo-en-el-arroyo.jpg?fit=800%2C445&ssl=1","jetpack_sharing_enabled":true,"_links":{"self":[{"href":"https:\/\/cdnoticias.com\/index.php\/wp-json\/wp\/v2\/posts\/182038","targetHints":{"allow":["GET"]}}],"collection":[{"href":"https:\/\/cdnoticias.com\/index.php\/wp-json\/wp\/v2\/posts"}],"about":[{"href":"https:\/\/cdnoticias.com\/index.php\/wp-json\/wp\/v2\/types\/post"}],"author":[{"embeddable":true,"href":"https:\/\/cdnoticias.com\/index.php\/wp-json\/wp\/v2\/users\/4"}],"replies":[{"embeddable":true,"href":"https:\/\/cdnoticias.com\/index.php\/wp-json\/wp\/v2\/comments?post=182038"}],"version-history":[{"count":0,"href":"https:\/\/cdnoticias.com\/index.php\/wp-json\/wp\/v2\/posts\/182038\/revisions"}],"wp:featuredmedia":[{"embeddable":true,"href":"https:\/\/cdnoticias.com\/index.php\/wp-json\/wp\/v2\/media\/182039"}],"wp:attachment":[{"href":"https:\/\/cdnoticias.com\/index.php\/wp-json\/wp\/v2\/media?parent=182038"}],"wp:term":[{"taxonomy":"category","embeddable":true,"href":"https:\/\/cdnoticias.com\/index.php\/wp-json\/wp\/v2\/categories?post=182038"},{"taxonomy":"post_tag","embeddable":true,"href":"https:\/\/cdnoticias.com\/index.php\/wp-json\/wp\/v2\/tags?post=182038"}],"curies":[{"name":"wp","href":"https:\/\/api.w.org\/{rel}","templated":true}]}}