{"id":182031,"date":"2025-09-10T20:34:31","date_gmt":"2025-09-10T23:34:31","guid":{"rendered":"https:\/\/cdnoticias.com\/?p=182031"},"modified":"2025-09-11T09:38:33","modified_gmt":"2025-09-11T12:38:33","slug":"javier-milei-veto-por-completo-la-ley-de-financiamiento-universitario-y-recomposicion-salarial-docente","status":"publish","type":"post","link":"https:\/\/cdnoticias.com\/index.php\/2025\/09\/10\/javier-milei-veto-por-completo-la-ley-de-financiamiento-universitario-y-recomposicion-salarial-docente\/","title":{"rendered":"Javier Milei vet\u00f3 por completo la Ley de Financiamiento Universitario y Recomposici\u00f3n Salarial Docente"},"content":{"rendered":"\n<p>Se confirm\u00f3 este mi\u00e9rcoles por la noche. Sectores universitarios adelantaron que si hab\u00eda veto, se realizar\u00eda un paro nacional y una movilizaci\u00f3n en Capital Federal.<\/p>\n\n\n\n<hr class=\"wp-block-separator aligncenter has-alpha-channel-opacity\"\/>\n\n\n\n<p>El Poder Ejecutivo nacional, a trav\u00e9s del Decreto 647\/2025, decidi\u00f3 <strong>vetar en su totalidad el Proyecto de Ley N\u00ba 27.795, que hab\u00eda sido sancionado por el Congreso el pasado 21 de agosto y propon\u00eda un nuevo esquema de financiamiento para la educaci\u00f3n universitaria p\u00fablica y la recomposici\u00f3n salarial de docentes y no docentes.<\/strong><\/p>\n\n\n\n<p>La medida fue oficializada este mi\u00e9rcoles 10 de septiembre y<strong> representa un rechazo completo a la iniciativa parlamentaria, en un contexto de creciente tensi\u00f3n entre el Gobierno y las universidades, que vienen reclamando mayor presupuesto ante los recortes que consideran afectaron el funcionamiento y la calidad de la educaci\u00f3n superior<\/strong>. <\/p>\n\n\n\n<blockquote class=\"wp-block-quote is-layout-flow wp-block-quote-is-layout-flow\">\n<p>Fuentes oficiales confirmaron que el veto responde a la decisi\u00f3n del Ejecutivo de mantener control sobre el gasto p\u00fablico y evitar lo que consideran intromisiones en las facultades de la administraci\u00f3n nacional.<\/p>\n<\/blockquote>\n\n\n\n<p>El Proyecto de Ley vetado buscaba<strong> garantizar el sostenimiento del financiamiento universitario en todo el pa\u00eds e inclu\u00eda medidas espec\u00edficas como la asignaci\u00f3n de partidas presupuestarias dentro del programa 26 \u201cDesarrollo de la Educaci\u00f3n Superior\u201d. <\/strong><\/p>\n\n\n\n<p>Entre los objetivos de la norma estaban afianzar el ingreso, permanencia y terminalidad de los estudiantes, garantizar la formaci\u00f3n continua, asegurar condiciones laborales y salariales de docentes y no docentes, incrementar recursos para tecnolog\u00eda digital, promover la extensi\u00f3n e investigaci\u00f3n universitaria, y prever la provisi\u00f3n y mantenimiento de infraestructura y equipamiento.<strong> Tambi\u00e9n se contemplaba la internacionalizaci\u00f3n inclusiva de la ense\u00f1anza, la profundizaci\u00f3n de programas de bienestar estudiantil y el incremento de becas.<\/strong><\/p>\n\n\n\n<p>Adem\u00e1s, la iniciativa establec\u00eda que<strong> el Poder Ejecutivo deb\u00eda actualizar al 1 de enero de 2025 el monto de los gastos de funcionamiento de las universidades p\u00fablicas seg\u00fan la variaci\u00f3n acumulada del \u00cdndice de Precios al Consumidor (IPC) informado por el INDEC entre el 1 de mayo y el 31 de diciembre de 2024.<\/strong><\/p>\n\n\n\n<p>El veto del Ejecutivo abre un nuevo frente de conflicto con el sector educativo y con la oposici\u00f3n parlamentaria, que impuls\u00f3 la norma.<strong> La Federaci\u00f3n Nacional de Docentes Universitarios (CONADU) ya hab\u00eda anticipado medidas de fuerza, incluyendo un paro nacional y una Marcha Federal frente al Palacio Pizzurno en caso de que el Gobierno rechazara la ley, y fuentes del sector anticipan que la decisi\u00f3n del presidente Milei generar\u00e1 una escalada en el plan de acci\u00f3n de las casas de estudio y de los gremios universitarios.<\/strong><\/p>\n\n\n\n<p><\/p>\n","protected":false},"excerpt":{"rendered":"<p>Se confirm\u00f3 este mi\u00e9rcoles por la noche. Sectores universitarios adelantaron que si hab\u00eda veto, se realizar\u00eda un paro nacional y<\/p>\n","protected":false},"author":2,"featured_media":114406,"comment_status":"closed","ping_status":"closed","sticky":false,"template":"","format":"standard","meta":{"_jetpack_memberships_contains_paid_content":false,"footnotes":""},"categories":[4],"tags":[],"class_list":["post-182031","post","type-post","status-publish","format-standard","has-post-thumbnail","hentry","category-politica"],"jetpack_featured_media_url":"https:\/\/i0.wp.com\/cdnoticias.com\/wp-content\/uploads\/2024\/04\/MarchaUniversidadOlavarria-24.jpg?fit=1024%2C680&ssl=1","jetpack_sharing_enabled":true,"_links":{"self":[{"href":"https:\/\/cdnoticias.com\/index.php\/wp-json\/wp\/v2\/posts\/182031","targetHints":{"allow":["GET"]}}],"collection":[{"href":"https:\/\/cdnoticias.com\/index.php\/wp-json\/wp\/v2\/posts"}],"about":[{"href":"https:\/\/cdnoticias.com\/index.php\/wp-json\/wp\/v2\/types\/post"}],"author":[{"embeddable":true,"href":"https:\/\/cdnoticias.com\/index.php\/wp-json\/wp\/v2\/users\/2"}],"replies":[{"embeddable":true,"href":"https:\/\/cdnoticias.com\/index.php\/wp-json\/wp\/v2\/comments?post=182031"}],"version-history":[{"count":0,"href":"https:\/\/cdnoticias.com\/index.php\/wp-json\/wp\/v2\/posts\/182031\/revisions"}],"wp:featuredmedia":[{"embeddable":true,"href":"https:\/\/cdnoticias.com\/index.php\/wp-json\/wp\/v2\/media\/114406"}],"wp:attachment":[{"href":"https:\/\/cdnoticias.com\/index.php\/wp-json\/wp\/v2\/media?parent=182031"}],"wp:term":[{"taxonomy":"category","embeddable":true,"href":"https:\/\/cdnoticias.com\/index.php\/wp-json\/wp\/v2\/categories?post=182031"},{"taxonomy":"post_tag","embeddable":true,"href":"https:\/\/cdnoticias.com\/index.php\/wp-json\/wp\/v2\/tags?post=182031"}],"curies":[{"name":"wp","href":"https:\/\/api.w.org\/{rel}","templated":true}]}}