{"id":182026,"date":"2025-09-10T20:17:35","date_gmt":"2025-09-10T23:17:35","guid":{"rendered":"https:\/\/cdnoticias.com\/?p=182026"},"modified":"2025-09-11T08:55:02","modified_gmt":"2025-09-11T11:55:02","slug":"detuvieron-a-dos-personas-por-un-robo-agravado-por-el-uso-de-armas","status":"publish","type":"post","link":"https:\/\/cdnoticias.com\/index.php\/2025\/09\/10\/detuvieron-a-dos-personas-por-un-robo-agravado-por-el-uso-de-armas\/","title":{"rendered":"Detuvieron a dos personas por un robo agravado por el uso de armas"},"content":{"rendered":"\n<p>Fue tras una investigaci\u00f3n de varias fuerzas locales que derivaron en dos allanamientos: en uno secuestraron un auto, adem\u00e1s de un bl\u00edster de pastillas que ser\u00eda propiedad de la v\u00edctima.<\/p>\n\n\n\n<hr class=\"wp-block-separator aligncenter has-alpha-channel-opacity\"\/>\n\n\n\n<p>Un<strong> hombre de 29 a\u00f1os y una mujer de 20 quedaron detenidos en el marco de una investigaci\u00f3n por un hecho de \u201crobo agravado por el uso de armas\u201d ocurrido d\u00edas atr\u00e1s en la zona de Cortes al 4200.<\/strong><\/p>\n\n\n\n<p>El procedimiento fue encabezado por personal de la <strong>Comisar\u00eda Segunda de Olavarr\u00eda, en forma conjunta con efectivos de Polic\u00eda Local, Comisar\u00eda de la Mujer y la Familia y la Subdelegaci\u00f3n Departamental de Investigaciones de Olavarr\u00eda.<\/strong><\/p>\n\n\n\n<p>Con la orden librada por el Juzgado de Garant\u00edas N.\u00ba 1 de Olavarr\u00eda, <strong>se allanaron dos domicilios: uno en calle Laprida al 100 y otro en Buchardo al 4600, donde residen los acusados.<\/strong><\/p>\n\n\n\n<p><strong>En el primer domicilio se secuestr\u00f3 un autom\u00f3vil y un tel\u00e9fono celular pertenecientes al hombre, adem\u00e1s de un bl\u00edster de pastillas que ser\u00eda propiedad de la v\u00edctima.<\/strong> All\u00ed se dispuso la detenci\u00f3n de los imputados, a quienes se los se\u00f1ala como part\u00edcipe secundario al hombre y autora a la mujer.<\/p>\n\n\n\n<p>En el segundo domicilio, el operativo arroj\u00f3 resultado negativo. <strong>Ambos detenidos fueron trasladados a la Comisar\u00eda Segunda y quedaron a disposici\u00f3n del Juzgado interviniente, <\/strong>con la intervenci\u00f3n de la UFI N.\u00ba 10, a cargo de la fiscal Dra. Viceconte.<\/p>\n","protected":false},"excerpt":{"rendered":"<p>Fue tras una investigaci\u00f3n de varias fuerzas locales que derivaron en dos allanamientos: en uno secuestraron un auto, adem\u00e1s de<\/p>\n","protected":false},"author":2,"featured_media":182027,"comment_status":"closed","ping_status":"closed","sticky":false,"template":"","format":"standard","meta":{"_jetpack_memberships_contains_paid_content":false,"footnotes":""},"categories":[14,1],"tags":[],"class_list":["post-182026","post","type-post","status-publish","format-standard","has-post-thumbnail","hentry","category-policiales","category-portada"],"jetpack_featured_media_url":"https:\/\/i0.wp.com\/cdnoticias.com\/wp-content\/uploads\/2025\/09\/WhatsApp-Image-2025-09-10-at-20.01.39-e1757546241104.jpeg?fit=1600%2C910&ssl=1","jetpack_sharing_enabled":true,"_links":{"self":[{"href":"https:\/\/cdnoticias.com\/index.php\/wp-json\/wp\/v2\/posts\/182026","targetHints":{"allow":["GET"]}}],"collection":[{"href":"https:\/\/cdnoticias.com\/index.php\/wp-json\/wp\/v2\/posts"}],"about":[{"href":"https:\/\/cdnoticias.com\/index.php\/wp-json\/wp\/v2\/types\/post"}],"author":[{"embeddable":true,"href":"https:\/\/cdnoticias.com\/index.php\/wp-json\/wp\/v2\/users\/2"}],"replies":[{"embeddable":true,"href":"https:\/\/cdnoticias.com\/index.php\/wp-json\/wp\/v2\/comments?post=182026"}],"version-history":[{"count":0,"href":"https:\/\/cdnoticias.com\/index.php\/wp-json\/wp\/v2\/posts\/182026\/revisions"}],"wp:featuredmedia":[{"embeddable":true,"href":"https:\/\/cdnoticias.com\/index.php\/wp-json\/wp\/v2\/media\/182027"}],"wp:attachment":[{"href":"https:\/\/cdnoticias.com\/index.php\/wp-json\/wp\/v2\/media?parent=182026"}],"wp:term":[{"taxonomy":"category","embeddable":true,"href":"https:\/\/cdnoticias.com\/index.php\/wp-json\/wp\/v2\/categories?post=182026"},{"taxonomy":"post_tag","embeddable":true,"href":"https:\/\/cdnoticias.com\/index.php\/wp-json\/wp\/v2\/tags?post=182026"}],"curies":[{"name":"wp","href":"https:\/\/api.w.org\/{rel}","templated":true}]}}