{"id":182006,"date":"2025-09-10T18:58:31","date_gmt":"2025-09-10T21:58:31","guid":{"rendered":"https:\/\/cdnoticias.com\/?p=182006"},"modified":"2025-09-10T19:01:06","modified_gmt":"2025-09-10T22:01:06","slug":"violento-vuelco-de-un-camion-en-la-ruta-nacional-3","status":"publish","type":"post","link":"https:\/\/cdnoticias.com\/index.php\/2025\/09\/10\/violento-vuelco-de-un-camion-en-la-ruta-nacional-3\/","title":{"rendered":"Violento vuelco de un cami\u00f3n en la ruta nacional 3\u00a0"},"content":{"rendered":"\n<p>Uno de los ocupantes qued\u00f3 atrapado en la cabina y debi\u00f3 ser rescatado por Bomberos de Cachar\u00ed.&nbsp;<\/p>\n\n\n\n<hr class=\"wp-block-separator aligncenter has-alpha-channel-opacity\"\/>\n\n\n\n<p><em>Informaci\u00f3n: Noticias de Azul<\/em><\/p>\n\n\n\n<p>En horas de la tarde de este martes se produjo un <strong>siniestro vial en el kil\u00f3metro 275 de la Ruta Nacional N\u00ba 3, donde un cami\u00f3n termin\u00f3 volcando mientras circulaba por la traza.<\/strong><\/p>\n\n\n\n<p>El <strong>veh\u00edculo era ocupado por dos personas, una con domicilio en Bol\u00edvar y otra en Bah\u00eda Blanca. Producto del impacto, uno de los ocupantes qued\u00f3 atrapado en la cabina y debi\u00f3 ser rescatado por personal de Bomberos Voluntarios de Cachar\u00ed, <\/strong>que trabaj\u00f3 en el lugar con apoyo de las fuerzas de seguridad.<\/p>\n\n\n\n<blockquote class=\"wp-block-quote is-layout-flow wp-block-quote-is-layout-flow\">\n<p>Tras ser liberado, fue trasladado de urgencia al Hospital Municipal de Azul para su atenci\u00f3n m\u00e9dica.<\/p>\n<\/blockquote>\n\n\n\n<p>En el lugar del vuelco se despleg\u00f3 un <strong>operativo de emergencia con la intervenci\u00f3n de efectivos de Vial Azul, Gendarmer\u00eda Nacional y agentes de Corredores Viales, quienes llevaron adelante las tareas de seguridad, ordenamiento del tr\u00e1nsito y prevenci\u00f3n en la zona hasta la finalizaci\u00f3n de los trabajos.<\/strong><\/p>\n","protected":false},"excerpt":{"rendered":"<p>Uno de los ocupantes qued\u00f3 atrapado en la cabina y debi\u00f3 ser rescatado por Bomberos de Cachar\u00ed.&nbsp; Informaci\u00f3n: Noticias de<\/p>\n","protected":false},"author":2,"featured_media":182007,"comment_status":"closed","ping_status":"closed","sticky":false,"template":"","format":"standard","meta":{"_jetpack_memberships_contains_paid_content":false,"footnotes":""},"categories":[14,1],"tags":[],"class_list":["post-182006","post","type-post","status-publish","format-standard","has-post-thumbnail","hentry","category-policiales","category-portada"],"jetpack_featured_media_url":"https:\/\/i0.wp.com\/cdnoticias.com\/wp-content\/uploads\/2025\/09\/vuelcoruta3.jpg?fit=1440%2C719&ssl=1","jetpack_sharing_enabled":true,"_links":{"self":[{"href":"https:\/\/cdnoticias.com\/index.php\/wp-json\/wp\/v2\/posts\/182006","targetHints":{"allow":["GET"]}}],"collection":[{"href":"https:\/\/cdnoticias.com\/index.php\/wp-json\/wp\/v2\/posts"}],"about":[{"href":"https:\/\/cdnoticias.com\/index.php\/wp-json\/wp\/v2\/types\/post"}],"author":[{"embeddable":true,"href":"https:\/\/cdnoticias.com\/index.php\/wp-json\/wp\/v2\/users\/2"}],"replies":[{"embeddable":true,"href":"https:\/\/cdnoticias.com\/index.php\/wp-json\/wp\/v2\/comments?post=182006"}],"version-history":[{"count":0,"href":"https:\/\/cdnoticias.com\/index.php\/wp-json\/wp\/v2\/posts\/182006\/revisions"}],"wp:featuredmedia":[{"embeddable":true,"href":"https:\/\/cdnoticias.com\/index.php\/wp-json\/wp\/v2\/media\/182007"}],"wp:attachment":[{"href":"https:\/\/cdnoticias.com\/index.php\/wp-json\/wp\/v2\/media?parent=182006"}],"wp:term":[{"taxonomy":"category","embeddable":true,"href":"https:\/\/cdnoticias.com\/index.php\/wp-json\/wp\/v2\/categories?post=182006"},{"taxonomy":"post_tag","embeddable":true,"href":"https:\/\/cdnoticias.com\/index.php\/wp-json\/wp\/v2\/tags?post=182006"}],"curies":[{"name":"wp","href":"https:\/\/api.w.org\/{rel}","templated":true}]}}