{"id":182003,"date":"2025-09-10T19:57:19","date_gmt":"2025-09-10T22:57:19","guid":{"rendered":"https:\/\/cdnoticias.com\/?p=182003"},"modified":"2025-09-10T19:57:21","modified_gmt":"2025-09-10T22:57:21","slug":"se-presentara-el-libro-sin-padre-sin-marido-y-sin-estado","status":"publish","type":"post","link":"https:\/\/cdnoticias.com\/index.php\/2025\/09\/10\/se-presentara-el-libro-sin-padre-sin-marido-y-sin-estado\/","title":{"rendered":"Se presentar\u00e1 el libro \u201cSin padre, sin marido y sin Estado\u201d"},"content":{"rendered":"\n<p>Ser\u00e1 el viernes 12 de septiembre a las 18 horas en el Centro Cultural Universitario. Participar\u00e1n sus autoras, las Dras. Melina V\u00e1zquez y Carolina Spataro.<\/p>\n\n\n\n<p><\/p>\n\n\n\n<p>La <strong>Facultad de Ciencias Sociales <\/strong>organiza la<strong> presentaci\u00f3n del libro \u201c<em>Sin padre, sin marido y sin Estado. Feministas de las nuevas derechas<\/em><\/strong>\u201d, publicado por Siglo XXI Editores. <\/p>\n\n\n\n<p><\/p>\n\n\n\n<blockquote class=\"wp-block-quote is-layout-flow wp-block-quote-is-layout-flow\">\n<p>La actividad tendr\u00e1 lugar el viernes 12 a las 18 horas, en el Centro Cultural Universitario Olavarr\u00eda, San Mart\u00edn 1955. La presentaci\u00f3n estar\u00e1 a cargo de sus autoras, la Dra. Melina V\u00e1zquez (UBA) y la Dra. Carolina Spataro (UBA), con la moderaci\u00f3n de la Dra. Constanza Caffarelli, Secretaria de Investigaci\u00f3n y Postgrado de FACSO (UNICEN).<\/p>\n<\/blockquote>\n\n\n\n<p><\/p>\n\n\n\n<p>El libro surge a partir de un recorrido de las investigadoras junto a distintas mujeres <strong>vinculadas a las nuevas derechas<\/strong>, a quienes conocieron en un acto del 8M. Desde entonces, siguieron sus trayectorias pol\u00edticas y sus espacios de construcci\u00f3n en partidos, fundaciones y centros de formaci\u00f3n, en los que se\u00f1alan que <strong>\u201cfaltan mujeres\u201d.<\/strong><\/p>\n\n\n\n<p><\/p>\n\n\n\n<blockquote class=\"wp-block-quote is-layout-flow wp-block-quote-is-layout-flow\">\n<p>En sus p\u00e1ginas se despliega una heterogeneidad de perfiles y generaciones: desde mujeres de 60 a\u00f1os provenientes de la \u00e9lite, hasta j\u00f3venes de 20 interpeladas por la sensibilidad libertaria y cr\u00edtica al Estado que emergi\u00f3 con fuerza en la pandemia; pasa por el grupo de 30-35 a\u00f1os marcado por el Ni Una Menos, el Me Too y las luchas por el aborto legal.<\/p>\n<\/blockquote>\n\n\n\n<p><\/p>\n\n\n\n<p>Las autoras tambi\u00e9n reconstruyen los libros y referencias que nutren este activismo, sus tensiones con referentes reaccionarios como Agust\u00edn Laje, y las formas en que promueven el empoderamiento femenino a trav\u00e9s de la educaci\u00f3n financiera, la defensa personal y la disputa de lugares en el mercado y la pol\u00edtica.<\/p>\n\n\n\n<p><\/p>\n\n\n\n<p>En este sentido,<em> <\/em><strong><em>\u201cSin padre, sin marido y sin Estado\u201d<\/em> <\/strong>busca comprender este activismo en sus propios t\u00e9rminos y aporta a la reflexi\u00f3n sobre una de las zonas menos exploradas de las <strong>nuevas derechas en Argentina.<\/strong><\/p>\n\n\n\n<p><\/p>\n\n\n\n<p><strong>Sobre las autoras<\/strong><\/p>\n\n\n\n<p>Carolina Spataro es Doctora en Ciencias Sociales (UBA) y Mag\u00edster en Comunicaci\u00f3n y Cultura. Es investigadora adjunta del CONICET (IIGG\/UBA), docente de la Facultad de Ciencias Sociales de la UBA y dict\u00f3 cursos de postgrado en varias universidades del pa\u00eds. Adem\u00e1s, coordin\u00f3 el volumen \u201cDel margen a la institucionalizaci\u00f3n. Feminismos, estudios sobre sexualidades y pol\u00edticas de g\u00e9nero\u201d en la Facultad de Ciencias Sociales, UBA (1988-2022).<\/p>\n\n\n\n<p><\/p>\n\n\n\n<p>Melina V\u00e1zquez es Posdoctora en Investigaci\u00f3n en Ciencias Sociales, Ni\u00f1ez y Juventud. Doctora y Mag\u00edster en Investigaci\u00f3n en Ciencias Sociales (UBA). Es investigadora independiente del CONICET (IIGG\/UBA), codirectora del Grupo de Estudios en Pol\u00edticas y Juventudes y coordinadora del Diploma Superior en Juventudes (CLACSO). Es autora de \u201cJuventudes, pol\u00edticas p\u00fablicas y participaci\u00f3n\u201d y coautora de \u201cEst\u00e1 entre nosotros\u201d.\u00a0<\/p>\n","protected":false},"excerpt":{"rendered":"<p>Ser\u00e1 el viernes 12 de septiembre a las 18 horas en el Centro Cultural Universitario. Participar\u00e1n sus autoras, las Dras.<\/p>\n","protected":false},"author":6,"featured_media":182005,"comment_status":"closed","ping_status":"closed","sticky":false,"template":"","format":"standard","meta":{"_jetpack_memberships_contains_paid_content":false,"footnotes":""},"categories":[3,1],"tags":[],"class_list":["post-182003","post","type-post","status-publish","format-standard","has-post-thumbnail","hentry","category-genero","category-portada"],"jetpack_featured_media_url":"https:\/\/i0.wp.com\/cdnoticias.com\/wp-content\/uploads\/2025\/09\/Melina-Vazquez-y-Carolina-Spataro.-Imagen-Julieta-Bugacoff.jpg?fit=700%2C467&ssl=1","jetpack_sharing_enabled":true,"_links":{"self":[{"href":"https:\/\/cdnoticias.com\/index.php\/wp-json\/wp\/v2\/posts\/182003","targetHints":{"allow":["GET"]}}],"collection":[{"href":"https:\/\/cdnoticias.com\/index.php\/wp-json\/wp\/v2\/posts"}],"about":[{"href":"https:\/\/cdnoticias.com\/index.php\/wp-json\/wp\/v2\/types\/post"}],"author":[{"embeddable":true,"href":"https:\/\/cdnoticias.com\/index.php\/wp-json\/wp\/v2\/users\/6"}],"replies":[{"embeddable":true,"href":"https:\/\/cdnoticias.com\/index.php\/wp-json\/wp\/v2\/comments?post=182003"}],"version-history":[{"count":0,"href":"https:\/\/cdnoticias.com\/index.php\/wp-json\/wp\/v2\/posts\/182003\/revisions"}],"wp:featuredmedia":[{"embeddable":true,"href":"https:\/\/cdnoticias.com\/index.php\/wp-json\/wp\/v2\/media\/182005"}],"wp:attachment":[{"href":"https:\/\/cdnoticias.com\/index.php\/wp-json\/wp\/v2\/media?parent=182003"}],"wp:term":[{"taxonomy":"category","embeddable":true,"href":"https:\/\/cdnoticias.com\/index.php\/wp-json\/wp\/v2\/categories?post=182003"},{"taxonomy":"post_tag","embeddable":true,"href":"https:\/\/cdnoticias.com\/index.php\/wp-json\/wp\/v2\/tags?post=182003"}],"curies":[{"name":"wp","href":"https:\/\/api.w.org\/{rel}","templated":true}]}}