{"id":181999,"date":"2025-09-10T18:40:31","date_gmt":"2025-09-10T21:40:31","guid":{"rendered":"https:\/\/cdnoticias.com\/?p=181999"},"modified":"2025-09-10T19:33:39","modified_gmt":"2025-09-10T22:33:39","slug":"conflicto-universitario-si-el-gobierno-veta-la-ley-de-financiamiento-habra-paro-y-marcha-federal","status":"publish","type":"post","link":"https:\/\/cdnoticias.com\/index.php\/2025\/09\/10\/conflicto-universitario-si-el-gobierno-veta-la-ley-de-financiamiento-habra-paro-y-marcha-federal\/","title":{"rendered":"Conflicto universitario: si el Gobierno veta la Ley de Financiamiento, habr\u00e1 paro y Marcha Federal\u00a0"},"content":{"rendered":"\n<p>Lo confirm\u00f3 la Federaci\u00f3n Nacional de Docentes Universitarios (CONADU). El paro ser\u00e1 en todas las universidades del pa\u00eds, mientras que la Marcha Federal ser\u00e1 en CABA.<\/p>\n\n\n\n<hr class=\"wp-block-separator aligncenter has-alpha-channel-opacity\"\/>\n\n\n\n<p>La<strong> Federaci\u00f3n Nacional de Docentes Universitarios (CONADU) <\/strong>advirti\u00f3 que,<strong> en caso de que el Gobierno nacional vete la Ley de Financiamiento Universitario aprobada recientemente por el Congreso, se llevar\u00e1 adelante un paro nacional en todas las casas de estudios del pa\u00eds y una Marcha Federal en la Ciudad de Buenos Aires.<\/strong><\/p>\n\n\n\n<p>La definici\u00f3n surgi\u00f3 del Plenario de Secretarias y Secretarios Generales de CONADU, que resolvi\u00f3 por unanimidad profundizar el plan de lucha en defensa del presupuesto universitario. <strong>El plazo para que el Poder Ejecutivo rechace la normativa vence este jueves, por lo que las medidas de fuerza quedar\u00edan activadas de manera inmediata tras la oficializaci\u00f3n de un eventual veto presidencial.<\/strong><\/p>\n\n\n\n<p>Seg\u00fan lo anunciado, <strong>el paro se realizar\u00eda el d\u00eda posterior a la publicaci\u00f3n del veto en el Bolet\u00edn Oficial y estar\u00eda acompa\u00f1ado por una protesta frente al Palacio Pizzurno, sede del ex Ministerio de Educaci\u00f3n<\/strong>. Adem\u00e1s, la Federaci\u00f3n anticip\u00f3 que se impulsar\u00e1 una <strong>gran Marcha Federal, coincidiendo con la sesi\u00f3n parlamentaria que eventualmente deba tratar la reversi\u00f3n de la decisi\u00f3n presidencial.<\/strong><\/p>\n\n\n\n<p>En ese marco, el plenario ratific\u00f3 la decisi\u00f3n de <strong>mantener acciones de visibilizaci\u00f3n del conflicto en todo el pa\u00eds durante las semanas previas a la movilizaci\u00f3n, con actividades locales y nacionales.<\/strong> <\/p>\n\n\n\n<blockquote class=\"wp-block-quote is-layout-flow wp-block-quote-is-layout-flow\">\n<p>Tambi\u00e9n se acord\u00f3 desplegar una campa\u00f1a en el marco del proceso electoral, con el objetivo de convocar a la ciudadan\u00eda a respaldar a la universidad p\u00fablica a trav\u00e9s de su voto.<\/p>\n<\/blockquote>\n\n\n\n<p>El Secretario General de CONADU, Carlos De Feo, destac\u00f3 que existe<em> \u201cun importante nivel de visibilizaci\u00f3n del conflicto universitario\u201d <\/em>y que los legisladores son conscientes de que <em>\u201cla poblaci\u00f3n apoya mayoritariamente el reclamo universitario\u201d. <\/em>En esa l\u00ednea, afirm\u00f3 que la pr\u00f3xima Marcha Federal tendr\u00e1 como objetivo <em>\u201c<strong>presionar para que diputados y senadores rechacen de forma definitiva el avance del Poder Ejecutivo sobre la voluntad popular que se expresa en el Congreso\u201d y \u201cponer un freno a la pol\u00edtica de ajuste que pretende destruir la universidad\u201d.<\/strong><\/em><\/p>\n\n\n\n<p><\/p>\n","protected":false},"excerpt":{"rendered":"<p>Lo confirm\u00f3 la Federaci\u00f3n Nacional de Docentes Universitarios (CONADU). El paro ser\u00e1 en todas las universidades del pa\u00eds, mientras que<\/p>\n","protected":false},"author":2,"featured_media":126929,"comment_status":"closed","ping_status":"closed","sticky":false,"template":"","format":"standard","meta":{"_jetpack_memberships_contains_paid_content":false,"footnotes":""},"categories":[4,1],"tags":[],"class_list":["post-181999","post","type-post","status-publish","format-standard","has-post-thumbnail","hentry","category-politica","category-portada"],"jetpack_featured_media_url":"https:\/\/i0.wp.com\/cdnoticias.com\/wp-content\/uploads\/2024\/10\/marcha-universitaria10.jpg?fit=1037%2C577&ssl=1","jetpack_sharing_enabled":true,"_links":{"self":[{"href":"https:\/\/cdnoticias.com\/index.php\/wp-json\/wp\/v2\/posts\/181999","targetHints":{"allow":["GET"]}}],"collection":[{"href":"https:\/\/cdnoticias.com\/index.php\/wp-json\/wp\/v2\/posts"}],"about":[{"href":"https:\/\/cdnoticias.com\/index.php\/wp-json\/wp\/v2\/types\/post"}],"author":[{"embeddable":true,"href":"https:\/\/cdnoticias.com\/index.php\/wp-json\/wp\/v2\/users\/2"}],"replies":[{"embeddable":true,"href":"https:\/\/cdnoticias.com\/index.php\/wp-json\/wp\/v2\/comments?post=181999"}],"version-history":[{"count":0,"href":"https:\/\/cdnoticias.com\/index.php\/wp-json\/wp\/v2\/posts\/181999\/revisions"}],"wp:featuredmedia":[{"embeddable":true,"href":"https:\/\/cdnoticias.com\/index.php\/wp-json\/wp\/v2\/media\/126929"}],"wp:attachment":[{"href":"https:\/\/cdnoticias.com\/index.php\/wp-json\/wp\/v2\/media?parent=181999"}],"wp:term":[{"taxonomy":"category","embeddable":true,"href":"https:\/\/cdnoticias.com\/index.php\/wp-json\/wp\/v2\/categories?post=181999"},{"taxonomy":"post_tag","embeddable":true,"href":"https:\/\/cdnoticias.com\/index.php\/wp-json\/wp\/v2\/tags?post=181999"}],"curies":[{"name":"wp","href":"https:\/\/api.w.org\/{rel}","templated":true}]}}