{"id":181986,"date":"2025-09-10T19:58:26","date_gmt":"2025-09-10T22:58:26","guid":{"rendered":"https:\/\/cdnoticias.com\/?p=181986"},"modified":"2025-09-10T19:59:08","modified_gmt":"2025-09-10T22:59:08","slug":"ventas-de-motos-0km-el-panorama-de-olavarria-ante-la-baja-a-nivel-nacional","status":"publish","type":"post","link":"https:\/\/cdnoticias.com\/index.php\/2025\/09\/10\/ventas-de-motos-0km-el-panorama-de-olavarria-ante-la-baja-a-nivel-nacional\/","title":{"rendered":"Ventas de motos 0km: el panorama de Olavarr\u00eda ante la baja a nivel nacional"},"content":{"rendered":"<p>Dos empresarios locales explicaron c\u00f3mo est\u00e1 el mercado ante la disminuci\u00f3n de ventas. \u00bfCambi\u00f3 la situaci\u00f3n de los precios? \u00bfCu\u00e1l es la moto m\u00e1s elegida por los olavarrienses?<!--more--><\/p>\n<hr \/>\n<p><strong>A principios de septiembre la Asociaci\u00f3n de Concesionarios de Automotores de la Rep\u00fablica Argentina (ACARA)<\/strong> public\u00f3 un informe acerca de la <strong>situaci\u00f3n en que se encontraba la venta de motos 0km en el pa\u00eds<\/strong>. El mismo arroj\u00f3 que <strong>en agosto de 2025<\/strong> las<strong> ventas<\/strong> hab\u00edan terminado<strong> 0,1% por debajo de los niveles de julio<\/strong> y un <strong>0,5% a nivel interanual<\/strong>.<\/p>\n<p>La ACARA adem\u00e1s explica en el informe, que relaciona estos porcentajes a las cantidades de <strong>patentamientos de motoveh\u00edculos efectuados<\/strong>. Estos n\u00fameros reflejan que en<strong> agosto de 2025 se patentaron 54.560 unidades<\/strong>, una cantidad de patentamiento<strong> menor a las de julio<\/strong> de 2025 que result\u00f3 de 54.599 y <strong>menor a su nivel interanual<\/strong> de agosto de 2024 que hab\u00eda sido de 54.833.<\/p>\n<blockquote><p>Sin embargo, el informe marca que las ventas entre enero y agosto de 2025 resultaron de 415.237 motoveh\u00edculos, y este n\u00famero representa un crecimiento del 38,9% en relaci\u00f3n a los primeros ocho mese de 2024.<\/p><\/blockquote>\n<p><strong>Central de Noticias<\/strong> dialog\u00f3 con<strong> dos empresarios locales<\/strong> dedicados a la venta de motos 0km, quienes dieron su parecer de estos n\u00fameros a nivel nacional y contaron <strong>c\u00f3mo est\u00e1 la venta de motos en Olavarr\u00eda<\/strong> en la actualidad.<\/p>\n<blockquote><p>\nAl relacionarlo con el plano local, el n\u00famero de la baja de ventas de motos marcado a nivel nacional no se ve en la ciudad. \u201cEstad\u00edsticamente la baja no se nota, anualmente viene con un crecimiento del 30% de 2024 de enero a agosto (comparado con) enero a agosto 2025\u201d indic\u00f3 Federico Merlos, propietario de Motovarr\u00eda.<\/p><\/blockquote>\n<p>En este sentido, se\u00f1al\u00f3 que en Olavarr\u00eda <strong>se vend\u00eda en una buena \u00e9poca \u201carriba de 150 o 200 motos\u201d<\/strong>, sin embargo, aclar\u00f3 que <strong>en la actualidad \u201cest\u00e1 en un promedio de 100 motos.<\/strong> Hoy del 1 al 10 estamos en un 5 o 6, ah\u00ed\u201d.<\/p>\n<p><img data-recalc-dims=\"1\" loading=\"lazy\" decoding=\"async\" class=\"alignnone size-full wp-image-181988 aligncenter\" src=\"https:\/\/i0.wp.com\/cdnoticias.com\/wp-content\/uploads\/2025\/09\/motos-venta-1.jpg?resize=800%2C600&#038;ssl=1\" alt=\"\" width=\"800\" height=\"600\" srcset=\"https:\/\/i0.wp.com\/cdnoticias.com\/wp-content\/uploads\/2025\/09\/motos-venta-1.jpg?w=1000&amp;ssl=1 1000w, https:\/\/i0.wp.com\/cdnoticias.com\/wp-content\/uploads\/2025\/09\/motos-venta-1.jpg?resize=300%2C225&amp;ssl=1 300w, https:\/\/i0.wp.com\/cdnoticias.com\/wp-content\/uploads\/2025\/09\/motos-venta-1.jpg?resize=768%2C576&amp;ssl=1 768w\" sizes=\"auto, (max-width: 800px) 100vw, 800px\" \/><\/p>\n<p><strong>Carlos Quiroga<\/strong> es propietario de Mister Motos. Declar\u00f3 que en la experiencia su local, no coincide con el dato de la ACARA acerca de que en agosto bajaron las ventas:<strong> \u201cno, agosto se recuper\u00f3 con respecto a julio. En julio fue bajo, para hablar hist\u00f3ricamente\u201d<\/strong> relat\u00f3.<\/p>\n<p>Adem\u00e1s, hizo un breve an\u00e1lisis de lo que fue el panorama de enero a agosto del 2025: <strong>\u201cLos meses de verano tienen una diferencia notable, enero y febrero son los meses fuertes<\/strong> y los meses m\u00e1s bajos son junio, julio\u201d.<\/p>\n<p>Contrario a lo que ve Quiroga en su local, Merlos se\u00f1al\u00f3 que la venta <strong>en el transcurso de los distintos meses de este a\u00f1o \u201cviene parejo\u201d<\/strong>. A lo que a\u00f1ade que en la actualidad \u201cno tenes una tendencia de temporada que viene el fr\u00edo y vendes menos motos. <strong>Hoy la moto representa comodidad, econom\u00eda, la gente muchas veces la compra para ahorro\u201d<\/strong>.<\/p>\n<p>A la hora de evaluar la variaci\u00f3n de precios que sufren las motos 0km en Olavarr\u00eda, Carlos Quiroga se\u00f1al\u00f3 que <strong>los valores \u201cse han ido incrementando en relaci\u00f3n a la variaci\u00f3n del d\u00f3lar oficial\u201d<\/strong>, aunque resalt\u00f3 que actualmente \u201cla diferencia es muy poca\u201d.<\/p>\n<p>De la mano con esta afirmaci\u00f3n, Merlos se\u00f1al\u00f3 que <strong>el precio de las motos 0km \u00faltimamente en su local \u201cno aument\u00f3\u201d<\/strong> y sum\u00f3 que<em> \u201cdesde abril estamos con las mismas listas\u201d.<\/em><\/p>\n<h3>\nLa moto m\u00e1s elegida en el mercado<\/h3>\n<p>Aunque actualmente hay en el mercado motocicletas con diversas variedades de cilindradas, no es casualidad que peri\u00f3dicamente se vean en las calles en su mayor\u00eda a las de <strong>110 cent\u00edmetros c\u00fabicos<\/strong>. Estas suelen ser <strong>las m\u00e1s elegidas<\/strong> por las personas. El informe de<strong> ACARA<\/strong> indica que <strong>las cinco m\u00e1s vendidas en el pa\u00eds son:<\/strong><\/p>\n<ul>\n<li>1\u00b0) Honda Wave 110<\/li>\n<li>2\u00b0) Gilera Smash<\/li>\n<li>3\u00b0) Keller KN110-8<\/li>\n<li>4\u00b0) Motomel B110<\/li>\n<li>5\u00b0) Mondial LD 110 MAX<\/li>\n<\/ul>\n<blockquote><p>\nTodas ellas tienen en com\u00fan que son de un motor con una cilindrada de 110 cc. Este dato no escapa al plano local, ya que ambos empresarios entrevistados se\u00f1alaron que es un factor que notan en sus ventas. \u201cLa moto 110 es la que m\u00e1s sale en mi negocio, representa aproximadamente un 70%\u201d indic\u00f3 Quiroga. Adem\u00e1s \u201cen mi local la marca que m\u00e1s sale es Mondial\u201d.<\/p><\/blockquote>\n<p><strong>\u201cLo que se est\u00e1 moviendo es la cilindrada baja: 110, 150, 250cc\u201d<\/strong> dijo por su lado Merlos. Aunque repar\u00f3 en el detalle de la gran salida que tiene en el mercado la <strong>cilindrada 110, la cual \u201crepresenta en el mercado un 65%\u201d<\/strong>.<\/p>\n","protected":false},"excerpt":{"rendered":"<p>Dos empresarios locales explicaron c\u00f3mo est\u00e1 el mercado ante la disminuci\u00f3n de ventas. \u00bfCambi\u00f3 la situaci\u00f3n de los precios? \u00bfCu\u00e1l<\/p>\n","protected":false},"author":4,"featured_media":181987,"comment_status":"closed","ping_status":"closed","sticky":false,"template":"","format":"standard","meta":{"_jetpack_memberships_contains_paid_content":false,"footnotes":""},"categories":[5,1],"tags":[],"class_list":["post-181986","post","type-post","status-publish","format-standard","has-post-thumbnail","hentry","category-informacion-general","category-portada"],"jetpack_featured_media_url":"https:\/\/i0.wp.com\/cdnoticias.com\/wp-content\/uploads\/2025\/09\/motos-venta.jpg?fit=1000%2C563&ssl=1","jetpack_sharing_enabled":true,"_links":{"self":[{"href":"https:\/\/cdnoticias.com\/index.php\/wp-json\/wp\/v2\/posts\/181986","targetHints":{"allow":["GET"]}}],"collection":[{"href":"https:\/\/cdnoticias.com\/index.php\/wp-json\/wp\/v2\/posts"}],"about":[{"href":"https:\/\/cdnoticias.com\/index.php\/wp-json\/wp\/v2\/types\/post"}],"author":[{"embeddable":true,"href":"https:\/\/cdnoticias.com\/index.php\/wp-json\/wp\/v2\/users\/4"}],"replies":[{"embeddable":true,"href":"https:\/\/cdnoticias.com\/index.php\/wp-json\/wp\/v2\/comments?post=181986"}],"version-history":[{"count":0,"href":"https:\/\/cdnoticias.com\/index.php\/wp-json\/wp\/v2\/posts\/181986\/revisions"}],"wp:featuredmedia":[{"embeddable":true,"href":"https:\/\/cdnoticias.com\/index.php\/wp-json\/wp\/v2\/media\/181987"}],"wp:attachment":[{"href":"https:\/\/cdnoticias.com\/index.php\/wp-json\/wp\/v2\/media?parent=181986"}],"wp:term":[{"taxonomy":"category","embeddable":true,"href":"https:\/\/cdnoticias.com\/index.php\/wp-json\/wp\/v2\/categories?post=181986"},{"taxonomy":"post_tag","embeddable":true,"href":"https:\/\/cdnoticias.com\/index.php\/wp-json\/wp\/v2\/tags?post=181986"}],"curies":[{"name":"wp","href":"https:\/\/api.w.org\/{rel}","templated":true}]}}