{"id":181970,"date":"2025-09-10T17:50:20","date_gmt":"2025-09-10T20:50:20","guid":{"rendered":"https:\/\/cdnoticias.com\/?p=181970"},"modified":"2025-09-10T17:50:22","modified_gmt":"2025-09-10T20:50:22","slug":"concejales-del-gallismo-insisten-en-pedido-de-informacion-respecto-a-seguridad","status":"publish","type":"post","link":"https:\/\/cdnoticias.com\/index.php\/2025\/09\/10\/concejales-del-gallismo-insisten-en-pedido-de-informacion-respecto-a-seguridad\/","title":{"rendered":"Concejales del gallismo insisten en pedido de informaci\u00f3n respecto a seguridad"},"content":{"rendered":"\n<p>Afirmaron que \u201cla inseguridad no es una sensaci\u00f3n\u201d y buscan respuestas por parte del Ejecutivo municipal.<\/p>\n\n\n\n<hr class=\"wp-block-separator has-alpha-channel-opacity\"\/>\n\n\n\n<p>Concejales de los <strong>bloques PRO-ERF y Juntos por Olavarr\u00eda <\/strong>emitieron un comunicado en el que recordaron que en el mes de abril presentaron un pedido de informes en el que, entre otros puntos, solicitaban <strong>estad\u00edsticas y mapa del delito correspondiente al a\u00f1o 2025 y en comparativa con el a\u00f1o 2024.<\/strong><\/p>\n\n\n\n<p><\/p>\n\n\n\n<p>\u201cYa lo dijimos: nuestra tarea deliberativa se basa en tener informaci\u00f3n para poder armar un marco normativo que ayude al Ejecutivo a realizar sus tareas. El Intendente dijo esta semana \u2018basta de discutir cuestiones est\u00e9riles que no conducen a nada\u2019. Con la respuesta al pedido de informes 9\/25 podemos tener esa informaci\u00f3n que nos permita<strong> brindar un marco adecuado para enfrentar esta problem\u00e1tica<\/strong>\u201d, sostuvieron los ediles.<\/p>\n\n\n\n<p><\/p>\n\n\n\n<p>Indicaron que \u201c<strong>hablamos con vecinos de distintos barrios y coinciden en que la inseguridad en Olavarr\u00eda se ha incrementado, <\/strong>tambi\u00e9n todos los d\u00edas en los medios de comunicaci\u00f3n vemos alguna situaci\u00f3n diferente: los trabajadores del campo desamparados y sin respuestas, el robo sistem\u00e1tico a comercios que pone en riesgo la continuidad de sus negocios y adolescentes a los que les roban en el parque a plena luz del d\u00eda, son algunos de los ejemplos\u201d.<\/p>\n\n\n\n<p><\/p>\n\n\n\n<p>El comunicado resalta que \u201cen la cuarta sesi\u00f3n del periodo ordinario del HCD, el concejal Aguilera nos respondi\u00f3 que \u2018en el primer trimestre de 2025 ha habido una disminuci\u00f3n de hechos registrados, ya sea de robos y diferentes hechos delictivos\u2019. Y al referirse a nuestro pedido de informes nos respondi\u00f3 que \u2018puede ser una sensaci\u00f3n o no\u2019\u201d.<\/p>\n\n\n\n<p><\/p>\n\n\n\n<p>\u201cEs importante <strong>que exista una verdadera articulaci\u00f3n entre todas las instituciones y fuerzas vivas de la ciudad,<\/strong> en pos de generar las mejores estrategias de trabajo conjunto\u201d indicaron y se\u00f1alaron que: \u201cpor ello necesitamos informaci\u00f3n oficial, transparente y actualizada. No alcanza con relativizar los hechos ni con frases que minimicen el problema. <strong>La inseguridad atraviesa la vida cotidiana de los olavarrienses y tenemos que tener una buena planificaci\u00f3n, estad\u00edsticas claras y pol\u00edticas p\u00fablicas concretas<\/strong>\u201d.<\/p>\n\n\n\n<p><\/p>\n\n\n\n<p>\u201cDesde nuestro bloque insistimos para que <strong>el Ejecutivo cumpla con su deber de informar y coordinar acciones,<\/strong> porque los vecinos no pueden esperar m\u00e1s. La inseguridad es una realidad que exige respuestas inmediatas y un compromiso por parte del gobierno municipal\u201d, concluyeron.<\/p>\n\n\n\n<p><\/p>\n","protected":false},"excerpt":{"rendered":"<p>Afirmaron que \u201cla inseguridad no es una sensaci\u00f3n\u201d y buscan respuestas por parte del Ejecutivo municipal. Concejales de los bloques<\/p>\n","protected":false},"author":5,"featured_media":167976,"comment_status":"closed","ping_status":"closed","sticky":false,"template":"","format":"standard","meta":{"_jetpack_memberships_contains_paid_content":false,"footnotes":""},"categories":[4,1],"tags":[],"class_list":["post-181970","post","type-post","status-publish","format-standard","has-post-thumbnail","hentry","category-politica","category-portada"],"jetpack_featured_media_url":"https:\/\/i0.wp.com\/cdnoticias.com\/wp-content\/uploads\/2025\/04\/HCD-bloques-Juntos-y-Pro.jpg?fit=1000%2C563&ssl=1","jetpack_sharing_enabled":true,"_links":{"self":[{"href":"https:\/\/cdnoticias.com\/index.php\/wp-json\/wp\/v2\/posts\/181970","targetHints":{"allow":["GET"]}}],"collection":[{"href":"https:\/\/cdnoticias.com\/index.php\/wp-json\/wp\/v2\/posts"}],"about":[{"href":"https:\/\/cdnoticias.com\/index.php\/wp-json\/wp\/v2\/types\/post"}],"author":[{"embeddable":true,"href":"https:\/\/cdnoticias.com\/index.php\/wp-json\/wp\/v2\/users\/5"}],"replies":[{"embeddable":true,"href":"https:\/\/cdnoticias.com\/index.php\/wp-json\/wp\/v2\/comments?post=181970"}],"version-history":[{"count":0,"href":"https:\/\/cdnoticias.com\/index.php\/wp-json\/wp\/v2\/posts\/181970\/revisions"}],"wp:featuredmedia":[{"embeddable":true,"href":"https:\/\/cdnoticias.com\/index.php\/wp-json\/wp\/v2\/media\/167976"}],"wp:attachment":[{"href":"https:\/\/cdnoticias.com\/index.php\/wp-json\/wp\/v2\/media?parent=181970"}],"wp:term":[{"taxonomy":"category","embeddable":true,"href":"https:\/\/cdnoticias.com\/index.php\/wp-json\/wp\/v2\/categories?post=181970"},{"taxonomy":"post_tag","embeddable":true,"href":"https:\/\/cdnoticias.com\/index.php\/wp-json\/wp\/v2\/tags?post=181970"}],"curies":[{"name":"wp","href":"https:\/\/api.w.org\/{rel}","templated":true}]}}