{"id":181960,"date":"2025-09-10T10:04:00","date_gmt":"2025-09-10T13:04:00","guid":{"rendered":"https:\/\/cdnoticias.com\/?p=181960"},"modified":"2025-09-10T12:12:43","modified_gmt":"2025-09-10T15:12:43","slug":"camionero-de-olavarria-involucrado-en-un-triple-choque-en-la-ruta-3","status":"publish","type":"post","link":"https:\/\/cdnoticias.com\/index.php\/2025\/09\/10\/camionero-de-olavarria-involucrado-en-un-triple-choque-en-la-ruta-3\/","title":{"rendered":"Camionero de Olavarr\u00eda involucrado en un triple choque en la ruta 3"},"content":{"rendered":"<p>No hubo personas heridas. Fue este mi\u00e9rcoles en Azul. El siniestro de tres camiones con sus acoplados se registr\u00f3 a la altura del kil\u00f3metro 297.<!--more--><\/p>\n<hr \/>\n<p><strong>Este mi\u00e9rcoles<\/strong> a la altura del <strong>kil\u00f3metro 297 de la Ruta Nacional N\u00ba 3<\/strong>, en jurisdicci\u00f3n de <strong>Azul,<\/strong> se registr\u00f3 un <strong>choque entre tres camiones<\/strong> que, afortunadamente, <strong>no dej\u00f3 personas heridas.<\/strong><\/p>\n<p><strong>Uno de los choferes involucrados es de Olavarr\u00eda<\/strong>, mientras que los dos restantes conductores son de Azul y Las Flores.<\/p>\n<p><img data-recalc-dims=\"1\" loading=\"lazy\" decoding=\"async\" class=\"alignnone size-full wp-image-181962 aligncenter\" src=\"https:\/\/i0.wp.com\/cdnoticias.com\/wp-content\/uploads\/2025\/09\/azul-ruta-3-choque-camiones-B.jpg?resize=800%2C446&#038;ssl=1\" alt=\"\" width=\"800\" height=\"446\" srcset=\"https:\/\/i0.wp.com\/cdnoticias.com\/wp-content\/uploads\/2025\/09\/azul-ruta-3-choque-camiones-B.jpg?w=1000&amp;ssl=1 1000w, https:\/\/i0.wp.com\/cdnoticias.com\/wp-content\/uploads\/2025\/09\/azul-ruta-3-choque-camiones-B.jpg?resize=300%2C167&amp;ssl=1 300w, https:\/\/i0.wp.com\/cdnoticias.com\/wp-content\/uploads\/2025\/09\/azul-ruta-3-choque-camiones-B.jpg?resize=768%2C428&amp;ssl=1 768w, https:\/\/i0.wp.com\/cdnoticias.com\/wp-content\/uploads\/2025\/09\/azul-ruta-3-choque-camiones-B.jpg?resize=800%2C445&amp;ssl=1 800w\" sizes=\"auto, (max-width: 800px) 100vw, 800px\" \/><\/p>\n<blockquote><p>La informaci\u00f3n oficial expuso que los veh\u00edculos involucrados fueron un Mercedes Benz Atego (patente AG768OU), con acoplado Patronelli (patente AG837DE), conducido por Uriel Patricio Bosso, de 23 a\u00f1os y oriundo de Azul; un Iveco (patente AA233NJ), con acoplado Patronelli (patente AA474IL), al mando de Alejandro Mauricio Triaro, de 47 a\u00f1os, domiciliado en Las Flores; y un Iveco Tractor (patente AD094QB), con acoplado Salto (patente DAF683), guiado por Mariano Horacio Laurez, de 45 a\u00f1os, residente en Olavarr\u00eda.<\/p><\/blockquote>\n<p>Como consecuencia del siniestro, <strong>el cami\u00f3n Mercedes Benz qued\u00f3 bloqueando parte de la cinta asf\u00e1ltica<\/strong>, lo que oblig\u00f3 a establecer <strong>tr\u00e1nsito asistido<\/strong> en el sector.<\/p>\n<p><img data-recalc-dims=\"1\" loading=\"lazy\" decoding=\"async\" class=\"alignnone size-full wp-image-181963 aligncenter\" src=\"https:\/\/i0.wp.com\/cdnoticias.com\/wp-content\/uploads\/2025\/09\/azul-ruta-3-choque-camiones-C.jpg?resize=800%2C446&#038;ssl=1\" alt=\"\" width=\"800\" height=\"446\" srcset=\"https:\/\/i0.wp.com\/cdnoticias.com\/wp-content\/uploads\/2025\/09\/azul-ruta-3-choque-camiones-C.jpg?w=1000&amp;ssl=1 1000w, https:\/\/i0.wp.com\/cdnoticias.com\/wp-content\/uploads\/2025\/09\/azul-ruta-3-choque-camiones-C.jpg?resize=300%2C167&amp;ssl=1 300w, https:\/\/i0.wp.com\/cdnoticias.com\/wp-content\/uploads\/2025\/09\/azul-ruta-3-choque-camiones-C.jpg?resize=768%2C428&amp;ssl=1 768w, https:\/\/i0.wp.com\/cdnoticias.com\/wp-content\/uploads\/2025\/09\/azul-ruta-3-choque-camiones-C.jpg?resize=800%2C445&amp;ssl=1 800w\" sizes=\"auto, (max-width: 800px) 100vw, 800px\" \/><\/p>\n<p>En el lugar trabaj\u00f3 <strong>personal de Vial Azul y de Corredores Viales<\/strong>, mientras se aguardaba la llegada de una gr\u00faa.<\/p>\n<blockquote><p>Las autoridades confirmaron que no se instruyeron actuaciones judiciales, dado que no hubo lesionados.<\/p><\/blockquote>\n<p>Fuente y fotos: <em>Noticias de Azul<\/em><\/p>\n<p><img data-recalc-dims=\"1\" loading=\"lazy\" decoding=\"async\" class=\"alignnone size-full wp-image-181964 aligncenter\" src=\"https:\/\/i0.wp.com\/cdnoticias.com\/wp-content\/uploads\/2025\/09\/azul-ruta-3-choque-camiones-D.jpg?resize=800%2C445&#038;ssl=1\" alt=\"\" width=\"800\" height=\"445\" srcset=\"https:\/\/i0.wp.com\/cdnoticias.com\/wp-content\/uploads\/2025\/09\/azul-ruta-3-choque-camiones-D.jpg?w=1000&amp;ssl=1 1000w, https:\/\/i0.wp.com\/cdnoticias.com\/wp-content\/uploads\/2025\/09\/azul-ruta-3-choque-camiones-D.jpg?resize=300%2C167&amp;ssl=1 300w, https:\/\/i0.wp.com\/cdnoticias.com\/wp-content\/uploads\/2025\/09\/azul-ruta-3-choque-camiones-D.jpg?resize=768%2C427&amp;ssl=1 768w, https:\/\/i0.wp.com\/cdnoticias.com\/wp-content\/uploads\/2025\/09\/azul-ruta-3-choque-camiones-D.jpg?resize=800%2C445&amp;ssl=1 800w\" sizes=\"auto, (max-width: 800px) 100vw, 800px\" \/><\/p>\n","protected":false},"excerpt":{"rendered":"<p>No hubo personas heridas. Fue este mi\u00e9rcoles en Azul. El siniestro de tres camiones con sus acoplados se registr\u00f3 a<\/p>\n","protected":false},"author":4,"featured_media":181961,"comment_status":"closed","ping_status":"closed","sticky":false,"template":"","format":"standard","meta":{"_jetpack_memberships_contains_paid_content":false,"footnotes":""},"categories":[14,1],"tags":[],"class_list":["post-181960","post","type-post","status-publish","format-standard","has-post-thumbnail","hentry","category-policiales","category-portada"],"jetpack_featured_media_url":"https:\/\/i0.wp.com\/cdnoticias.com\/wp-content\/uploads\/2025\/09\/azul-ruta-3-choque-camiones-A.jpg?fit=1000%2C501&ssl=1","jetpack_sharing_enabled":true,"_links":{"self":[{"href":"https:\/\/cdnoticias.com\/index.php\/wp-json\/wp\/v2\/posts\/181960","targetHints":{"allow":["GET"]}}],"collection":[{"href":"https:\/\/cdnoticias.com\/index.php\/wp-json\/wp\/v2\/posts"}],"about":[{"href":"https:\/\/cdnoticias.com\/index.php\/wp-json\/wp\/v2\/types\/post"}],"author":[{"embeddable":true,"href":"https:\/\/cdnoticias.com\/index.php\/wp-json\/wp\/v2\/users\/4"}],"replies":[{"embeddable":true,"href":"https:\/\/cdnoticias.com\/index.php\/wp-json\/wp\/v2\/comments?post=181960"}],"version-history":[{"count":0,"href":"https:\/\/cdnoticias.com\/index.php\/wp-json\/wp\/v2\/posts\/181960\/revisions"}],"wp:featuredmedia":[{"embeddable":true,"href":"https:\/\/cdnoticias.com\/index.php\/wp-json\/wp\/v2\/media\/181961"}],"wp:attachment":[{"href":"https:\/\/cdnoticias.com\/index.php\/wp-json\/wp\/v2\/media?parent=181960"}],"wp:term":[{"taxonomy":"category","embeddable":true,"href":"https:\/\/cdnoticias.com\/index.php\/wp-json\/wp\/v2\/categories?post=181960"},{"taxonomy":"post_tag","embeddable":true,"href":"https:\/\/cdnoticias.com\/index.php\/wp-json\/wp\/v2\/tags?post=181960"}],"curies":[{"name":"wp","href":"https:\/\/api.w.org\/{rel}","templated":true}]}}