{"id":181957,"date":"2025-09-10T09:43:05","date_gmt":"2025-09-10T12:43:05","guid":{"rendered":"https:\/\/cdnoticias.com\/?p=181957"},"modified":"2025-09-10T11:05:22","modified_gmt":"2025-09-10T14:05:22","slug":"el-parque-mitre-de-hinojo-cuenta-con-20-nuevos-arboles","status":"publish","type":"post","link":"https:\/\/cdnoticias.com\/index.php\/2025\/09\/10\/el-parque-mitre-de-hinojo-cuenta-con-20-nuevos-arboles\/","title":{"rendered":"El Parque Mitre de Hinojo cuenta con 20 nuevos \u00e1rboles"},"content":{"rendered":"<p>El Municipio y la Mesa de Arbolado Urbano realizaron la plantaci\u00f3n este martes. Los ejemplares fueron donados por una empresa. Se busc\u00f3 \u201cincrementar el arbolado\u201d y \u201ccompletar el dise\u00f1o original\u201d del parque.<!--more--><\/p>\n<hr \/>\n<p>El <strong>Municipio de Olavarr\u00eda<\/strong>, en el marco del trabajo que de manera articulada se lleva a cabo junto a la <strong>Mesa de Arbolado Urbano<\/strong>, realiz\u00f3 este martes una nueva <strong>jornada de plantaci\u00f3n<\/strong>, que en esta ocasi\u00f3n se despleg\u00f3 en el <strong>parque Mitre de Hinojo<\/strong>.<\/p>\n<p>En el atractivo espacio p\u00fablico donde se encuentra tambi\u00e9n el Museo Municipal de la localidad<strong> se dispusieron 20 ejemplares de seis especies.<\/strong><\/p>\n<p>Las tareas se iniciaron a primera hora de la ma\u00f1ana, con la participaci\u00f3n de personal del \u00e1rea de <strong>Coordinaci\u00f3n de Espacios Verdes y de la Delegaci\u00f3n Municipal de Hinojo<\/strong>, adem\u00e1s de la <strong>Mesa de Arbolado Urbano<\/strong>, integrada por el INTA y el Colegio de Ingenieros Agr\u00f3nomos.<\/p>\n<p>Para la ocasi\u00f3n se cont\u00f3 con la colaboraci\u00f3n de la <strong>empresa Transportes Don Joaqu\u00edn, que don\u00f3 la totalidad de los \u00e1rboles<\/strong>.<\/p>\n<blockquote><p>\u201cEl objetivo de la jornada fue no s\u00f3lo incrementar el arbolado, sino tambi\u00e9n completar el dise\u00f1o original de ese espacio. La mayor\u00eda de las especies fueron ubicadas en torno al sendero principal y se trat\u00f3 de tilos (3), pl\u00e1tanos (2), laurentinos (3), Libocedrus (2), Liquidambar (4) y Cresp\u00f3n (6)\u201d se detall\u00f3.<\/p><\/blockquote>\n<p>Por \u00faltimo se record\u00f3 que a fines de agosto, en las actividades enmarcadas en la <a href=\"https:\/\/cdnoticias.com\/index.php\/2025\/08\/26\/este-martes-comienzan-las-actividades-de-la-semana-del-arbol\/\" target=\"_blank\" rel=\"noopener\">Semana del \u00c1rbol<\/a>, desde el Municipio y la Mesa de Arbolado Urbano se llev\u00f3 a cabo la <a href=\"https:\/\/cdnoticias.com\/index.php\/2025\/09\/01\/semana-del-arbol-se-plantaron-mas-de-70-nuevas-especies\/\" target=\"_blank\" rel=\"noopener\">plantaci\u00f3n de 70 \u00e1rboles<\/a> de diversas especies en plazas, predios e instituciones educativas.<\/p>\n<blockquote class=\"wp-embedded-content\" data-secret=\"PDiL8RhXvJ\"><p><a href=\"https:\/\/cdnoticias.com\/index.php\/2025\/08\/29\/dia-nacional-del-arbol-plantacion-junto-a-combatientes-de-malvinas\/\">D\u00eda Nacional del \u00c1rbol: plantaci\u00f3n junto a combatientes de Malvinas\u00a0<\/a><\/p><\/blockquote>\n<p><iframe loading=\"lazy\" class=\"wp-embedded-content\" sandbox=\"allow-scripts\" security=\"restricted\" style=\"position: absolute; visibility: hidden;\" title=\"&#8220;D\u00eda Nacional del \u00c1rbol: plantaci\u00f3n junto a combatientes de Malvinas\u00a0&#8221; &#8212; Central de Noticias | Olavarr\u00eda\" src=\"https:\/\/cdnoticias.com\/index.php\/2025\/08\/29\/dia-nacional-del-arbol-plantacion-junto-a-combatientes-de-malvinas\/embed\/#?secret=p5JZmcNrJT#?secret=PDiL8RhXvJ\" data-secret=\"PDiL8RhXvJ\" width=\"600\" height=\"338\" frameborder=\"0\" marginwidth=\"0\" marginheight=\"0\" scrolling=\"no\"><\/iframe><\/p>\n","protected":false},"excerpt":{"rendered":"<p>El Municipio y la Mesa de Arbolado Urbano realizaron la plantaci\u00f3n este martes. Los ejemplares fueron donados por una empresa.<\/p>\n","protected":false},"author":4,"featured_media":181958,"comment_status":"closed","ping_status":"closed","sticky":false,"template":"","format":"standard","meta":{"_jetpack_memberships_contains_paid_content":false,"footnotes":""},"categories":[5,1],"tags":[],"class_list":["post-181957","post","type-post","status-publish","format-standard","has-post-thumbnail","hentry","category-informacion-general","category-portada"],"jetpack_featured_media_url":"https:\/\/i0.wp.com\/cdnoticias.com\/wp-content\/uploads\/2025\/09\/arbol-parque-mitre-hinojo-0.jpg?fit=1000%2C557&ssl=1","jetpack_sharing_enabled":true,"_links":{"self":[{"href":"https:\/\/cdnoticias.com\/index.php\/wp-json\/wp\/v2\/posts\/181957","targetHints":{"allow":["GET"]}}],"collection":[{"href":"https:\/\/cdnoticias.com\/index.php\/wp-json\/wp\/v2\/posts"}],"about":[{"href":"https:\/\/cdnoticias.com\/index.php\/wp-json\/wp\/v2\/types\/post"}],"author":[{"embeddable":true,"href":"https:\/\/cdnoticias.com\/index.php\/wp-json\/wp\/v2\/users\/4"}],"replies":[{"embeddable":true,"href":"https:\/\/cdnoticias.com\/index.php\/wp-json\/wp\/v2\/comments?post=181957"}],"version-history":[{"count":0,"href":"https:\/\/cdnoticias.com\/index.php\/wp-json\/wp\/v2\/posts\/181957\/revisions"}],"wp:featuredmedia":[{"embeddable":true,"href":"https:\/\/cdnoticias.com\/index.php\/wp-json\/wp\/v2\/media\/181958"}],"wp:attachment":[{"href":"https:\/\/cdnoticias.com\/index.php\/wp-json\/wp\/v2\/media?parent=181957"}],"wp:term":[{"taxonomy":"category","embeddable":true,"href":"https:\/\/cdnoticias.com\/index.php\/wp-json\/wp\/v2\/categories?post=181957"},{"taxonomy":"post_tag","embeddable":true,"href":"https:\/\/cdnoticias.com\/index.php\/wp-json\/wp\/v2\/tags?post=181957"}],"curies":[{"name":"wp","href":"https:\/\/api.w.org\/{rel}","templated":true}]}}