{"id":181952,"date":"2025-09-10T08:49:47","date_gmt":"2025-09-10T11:49:47","guid":{"rendered":"https:\/\/cdnoticias.com\/?p=181952"},"modified":"2025-09-10T10:04:42","modified_gmt":"2025-09-10T13:04:42","slug":"acto-por-el-137-aniversario-del-paso-a-la-inmortalidad-de-sarmiento","status":"publish","type":"post","link":"https:\/\/cdnoticias.com\/index.php\/2025\/09\/10\/acto-por-el-137-aniversario-del-paso-a-la-inmortalidad-de-sarmiento\/","title":{"rendered":"Acto por el 137\u00b0 aniversario del Paso a la Inmortalidad de Sarmiento"},"content":{"rendered":"<p>Ser\u00e1 este jueves desde las 10 en Cerrito y V\u00e9lez Sarsfield. &#8220;Se homenajear\u00e1 a la figura de cada maestro y maestra de nuestra querida comunidad&#8221; se inform\u00f3 desde la organizaci\u00f3n.<!--more--><\/p>\n<hr \/>\n<p>El Municipio de Olavarr\u00eda invit\u00f3 a participar del <strong>acto en conmemoraci\u00f3n del 137\u00ba Aniversario del Paso a la Inmortalidad de Domingo Faustino Sarmiento<\/strong>, que se llevar\u00e1 a cabo<strong> este jueves 11 de septiembre<\/strong>.<\/p>\n<p>La actividad tendr\u00e1 lugar <strong>a partir de las 10 horas<\/strong> en el monumento al &#8220;gran maestro&#8221; que se encuentra emplazado en <strong>Cerrito y V\u00e9lez Sarsfield.<\/strong><\/p>\n<blockquote><p>&#8220;En nombre de Sarmiento se homenajear\u00e1 a la figura de cada maestro y maestra de nuestra querida comunidad, que llevan adelante cada d\u00eda su labor con amor, compromiso y entrega&#8221; se inform\u00f3 desde la organizaci\u00f3n.<\/p><\/blockquote>\n<p>El acto contar\u00e1 con la presencia de <strong>autoridades municipales, educativas, y representantes de distintas instituciones<\/strong>, as\u00ed como tambi\u00e9n de abanderados de establecimientos educativos del Partido.<\/p>\n","protected":false},"excerpt":{"rendered":"<p>Ser\u00e1 este jueves desde las 10 en Cerrito y V\u00e9lez Sarsfield. &#8220;Se homenajear\u00e1 a la figura de cada maestro y<\/p>\n","protected":false},"author":4,"featured_media":125109,"comment_status":"closed","ping_status":"closed","sticky":false,"template":"","format":"standard","meta":{"_jetpack_memberships_contains_paid_content":false,"footnotes":""},"categories":[5,1],"tags":[],"class_list":["post-181952","post","type-post","status-publish","format-standard","has-post-thumbnail","hentry","category-informacion-general","category-portada"],"jetpack_featured_media_url":"https:\/\/i0.wp.com\/cdnoticias.com\/wp-content\/uploads\/2024\/09\/Acto-dia-del-maestro-2024-8.jpeg?fit=1400%2C931&ssl=1","jetpack_sharing_enabled":true,"_links":{"self":[{"href":"https:\/\/cdnoticias.com\/index.php\/wp-json\/wp\/v2\/posts\/181952","targetHints":{"allow":["GET"]}}],"collection":[{"href":"https:\/\/cdnoticias.com\/index.php\/wp-json\/wp\/v2\/posts"}],"about":[{"href":"https:\/\/cdnoticias.com\/index.php\/wp-json\/wp\/v2\/types\/post"}],"author":[{"embeddable":true,"href":"https:\/\/cdnoticias.com\/index.php\/wp-json\/wp\/v2\/users\/4"}],"replies":[{"embeddable":true,"href":"https:\/\/cdnoticias.com\/index.php\/wp-json\/wp\/v2\/comments?post=181952"}],"version-history":[{"count":0,"href":"https:\/\/cdnoticias.com\/index.php\/wp-json\/wp\/v2\/posts\/181952\/revisions"}],"wp:featuredmedia":[{"embeddable":true,"href":"https:\/\/cdnoticias.com\/index.php\/wp-json\/wp\/v2\/media\/125109"}],"wp:attachment":[{"href":"https:\/\/cdnoticias.com\/index.php\/wp-json\/wp\/v2\/media?parent=181952"}],"wp:term":[{"taxonomy":"category","embeddable":true,"href":"https:\/\/cdnoticias.com\/index.php\/wp-json\/wp\/v2\/categories?post=181952"},{"taxonomy":"post_tag","embeddable":true,"href":"https:\/\/cdnoticias.com\/index.php\/wp-json\/wp\/v2\/tags?post=181952"}],"curies":[{"name":"wp","href":"https:\/\/api.w.org\/{rel}","templated":true}]}}