{"id":18184,"date":"2021-04-07T11:05:53","date_gmt":"2021-04-07T14:05:53","guid":{"rendered":"http:\/\/www.centraldenoticias.com.ar\/?p=18184"},"modified":"2021-04-07T12:30:32","modified_gmt":"2021-04-07T15:30:32","slug":"se-suspendio-la-sesion-del-concejo-pasara-a-la-virtualidad","status":"publish","type":"post","link":"https:\/\/cdnoticias.com\/index.php\/2021\/04\/07\/se-suspendio-la-sesion-del-concejo-pasara-a-la-virtualidad\/","title":{"rendered":"Se suspendi\u00f3 la sesi\u00f3n del Concejo: pasar\u00e1 a la virtualidad"},"content":{"rendered":"<p>Este jueves iba a realizarse la sesi\u00f3n ordinaria del Concejo Deliberante, pero en el marco del contexto sanitario qued\u00f3 suspendida. El 22 de abril pasar\u00e1 al formato virtual.<!--more--><\/p>\n<hr \/>\n<p>El <strong>presidente del Concejo Deliberante, Bruno Cenizo<\/strong>, confirm\u00f3 a <strong>Central de Noticias<\/strong> que la sesi\u00f3n que deb\u00eda realizarse este jueves &#8211;<strong>la tercera ordinaria- qued\u00f3 suspendida. Pasar\u00e1 al 22 de abril y se har\u00e1 en formato virtual<\/strong>.<\/p>\n<p>&nbsp;<\/p>\n<blockquote><p>\u201cEn el marco de la Emergencia Sanitaria y la complicada situaci\u00f3n que se vive en el partido de Olavarr\u00eda ante el incremento de casos positivos diarios de Covid-19, y la ocupaci\u00f3n del Hospital Municipal, durante la reuni\u00f3n de Comisi\u00f3n de Labor Parlamentaria llevada esta ma\u00f1ana en el patio del Honorable Concejo Deliberante, se resolvi\u00f3 por unanimidad postergar la tercera sesi\u00f3n ordinaria del calendario 2021, la cual iba a desarrollarse el jueves 8 de abril en el sal\u00f3n de la Sociedad Espa\u00f1ola de manera presencial\u201d se inform\u00f3.<\/p><\/blockquote>\n<p>&nbsp;<\/p>\n<p>Se aclar\u00f3 que <strong>hubo acuerdo de todos los presidentes de bloques pol\u00edticos<\/strong> y las autoridades del Cuerpo legislativo.<\/p>\n<p><img data-recalc-dims=\"1\" loading=\"lazy\" decoding=\"async\" class=\"aligncenter wp-image-18186 size-full\" src=\"https:\/\/i0.wp.com\/cdnoticias.com\/wp-content\/uploads\/2021\/04\/HCD-labor01.jpg?resize=800%2C446&#038;ssl=1\" alt=\"\" width=\"800\" height=\"446\" srcset=\"https:\/\/i0.wp.com\/cdnoticias.com\/wp-content\/uploads\/2021\/04\/HCD-labor01.jpg?w=800&amp;ssl=1 800w, https:\/\/i0.wp.com\/cdnoticias.com\/wp-content\/uploads\/2021\/04\/HCD-labor01.jpg?resize=300%2C167&amp;ssl=1 300w, https:\/\/i0.wp.com\/cdnoticias.com\/wp-content\/uploads\/2021\/04\/HCD-labor01.jpg?resize=768%2C428&amp;ssl=1 768w\" sizes=\"auto, (max-width: 800px) 100vw, 800px\" \/><\/p>\n<p>&nbsp;<\/p>\n<p>Asimismo, se inform\u00f3 que <strong>la decisi\u00f3n fue consensuada con \u201cel equipo de Salud municipal<\/strong>, quien sugiri\u00f3 que moment\u00e1neamente se eviten hacer eventos y\/o reuniones en los que participen varias personas\u201d.<\/p>\n<p>&nbsp;<\/p>\n<blockquote><p>Con esto, el jueves 22 de abril habr\u00e1 dos sesiones juntas: \u201cse resolvi\u00f3 unificar la tercera y cuarta sesi\u00f3n ordinaria\u201d y se concretar\u00e1n de manera virtual.<\/p><\/blockquote>\n<p>&nbsp;<\/p>\n<p>En los pr\u00f3ximos d\u00edas<strong> se realizar\u00e1n pruebas t\u00e9cnicas y ensayos<\/strong> <strong>para la normal transmisi\u00f3n<\/strong> a trav\u00e9s del canal oficial del Concejo en Youtube.<\/p>\n<p>&nbsp;<\/p>\n<p>En tanto, el Concejo Deliberante contin\u00faa con su actividad diaria con normalidad cumpliendo los protocolos establecidos y las normativas vigentes.<\/p>\n<p>&nbsp;<\/p>\n<p>En ese sentido, <strong>Cenizo indic\u00f3 que las comisiones se re\u00fanen seg\u00fan su cronograma habitual de manera virtual<\/strong> y el edificio permanece abierto con la actividad administrativa y el personal.<\/p>\n","protected":false},"excerpt":{"rendered":"<p>Este jueves iba a realizarse la sesi\u00f3n ordinaria del Concejo Deliberante, pero en el marco del contexto sanitario qued\u00f3 suspendida.<\/p>\n","protected":false},"author":4,"featured_media":18187,"comment_status":"closed","ping_status":"closed","sticky":false,"template":"","format":"standard","meta":{"_jetpack_memberships_contains_paid_content":false,"footnotes":""},"categories":[4,1],"tags":[],"class_list":["post-18184","post","type-post","status-publish","format-standard","has-post-thumbnail","hentry","category-politica","category-portada"],"jetpack_featured_media_url":"https:\/\/i0.wp.com\/cdnoticias.com\/wp-content\/uploads\/2021\/04\/HCD-labor00.jpg?fit=800%2C446&ssl=1","jetpack_sharing_enabled":true,"_links":{"self":[{"href":"https:\/\/cdnoticias.com\/index.php\/wp-json\/wp\/v2\/posts\/18184","targetHints":{"allow":["GET"]}}],"collection":[{"href":"https:\/\/cdnoticias.com\/index.php\/wp-json\/wp\/v2\/posts"}],"about":[{"href":"https:\/\/cdnoticias.com\/index.php\/wp-json\/wp\/v2\/types\/post"}],"author":[{"embeddable":true,"href":"https:\/\/cdnoticias.com\/index.php\/wp-json\/wp\/v2\/users\/4"}],"replies":[{"embeddable":true,"href":"https:\/\/cdnoticias.com\/index.php\/wp-json\/wp\/v2\/comments?post=18184"}],"version-history":[{"count":0,"href":"https:\/\/cdnoticias.com\/index.php\/wp-json\/wp\/v2\/posts\/18184\/revisions"}],"wp:featuredmedia":[{"embeddable":true,"href":"https:\/\/cdnoticias.com\/index.php\/wp-json\/wp\/v2\/media\/18187"}],"wp:attachment":[{"href":"https:\/\/cdnoticias.com\/index.php\/wp-json\/wp\/v2\/media?parent=18184"}],"wp:term":[{"taxonomy":"category","embeddable":true,"href":"https:\/\/cdnoticias.com\/index.php\/wp-json\/wp\/v2\/categories?post=18184"},{"taxonomy":"post_tag","embeddable":true,"href":"https:\/\/cdnoticias.com\/index.php\/wp-json\/wp\/v2\/tags?post=18184"}],"curies":[{"name":"wp","href":"https:\/\/api.w.org\/{rel}","templated":true}]}}