{"id":181834,"date":"2025-09-08T16:30:35","date_gmt":"2025-09-08T19:30:35","guid":{"rendered":"https:\/\/cdnoticias.com\/?p=181834"},"modified":"2025-09-08T16:30:37","modified_gmt":"2025-09-08T19:30:37","slug":"bomberos-olavarria-jornada-de-capacitacion-en-materiales-peligrosos","status":"publish","type":"post","link":"https:\/\/cdnoticias.com\/index.php\/2025\/09\/08\/bomberos-olavarria-jornada-de-capacitacion-en-materiales-peligrosos\/","title":{"rendered":"Bomberos Olavarr\u00eda: jornada de Capacitaci\u00f3n en Materiales Peligrosos"},"content":{"rendered":"\n<p>Ser\u00e1 el pr\u00f3ximo s\u00e1bado con 30 alumnos provenientes de los cuarteles de la regi\u00f3n Centro-Centro \u2014Cachar\u00ed, Tapalqu\u00e9, Alvear, Saladillo, Del Carril y Olavarr\u00eda.<\/p>\n\n\n\n<hr class=\"wp-block-separator aligncenter has-alpha-channel-opacity\"\/>\n\n\n\n<p>El pr\u00f3ximo <strong>s\u00e1bado 13 de septiembre<\/strong> los <strong>bomberos del Cuartel Central de Olavarr\u00eda ser\u00e1n los anfitriones de la primera de cuatro jornadas de la capacitaci\u00f3n en Materiales Peligrosos,<\/strong> organizada en el marco de los Cursos de Especialidad Profesional para Bomberos (CEPRO).<\/p>\n\n\n\n<p><\/p>\n\n\n\n<p>En esta ocasi\u00f3n,<strong> 30 alumnos provenientes de los cuarteles de la regi\u00f3n Centro-Centro \u2014Cachar\u00ed, Tapalqu\u00e9, Alvear, Saladillo, Del Carril y Olavarr\u00eda\u2014 <\/strong>recibir\u00e1n formaci\u00f3n te\u00f3rica y pr\u00e1ctica para el manejo seguro de sustancias peligrosas, reforzando los protocolos de seguridad en cada brigada.<\/p>\n\n\n\n<p><\/p>\n\n\n\n<blockquote class=\"wp-block-quote is-layout-flow wp-block-quote-is-layout-flow\">\n<p>La capacitaci\u00f3n continuar\u00e1 durante las pr\u00f3ximas jornadas, fortaleciendo la preparaci\u00f3n de los bomberos y promoviendo la colaboraci\u00f3n entre los distintos cuarteles de la regi\u00f3n.<\/p>\n<\/blockquote>\n\n\n\n<p><\/p>\n\n\n\n<p><em>\u201cDesde la Asociaci\u00f3n de Bomberos Voluntarios de Olavarr\u00eda estamos felices de poder ser anfitriones de una nueva jornada de capacitaci\u00f3n y aprendizaje para nuestros bomberos y bomberas\u201d<\/em> expresaron.<\/p>\n\n\n\n<p><\/p>\n","protected":false},"excerpt":{"rendered":"<p>Ser\u00e1 el pr\u00f3ximo s\u00e1bado con 30 alumnos provenientes de los cuarteles de la regi\u00f3n Centro-Centro \u2014Cachar\u00ed, Tapalqu\u00e9, Alvear, Saladillo, Del<\/p>\n","protected":false},"author":6,"featured_media":4752,"comment_status":"closed","ping_status":"closed","sticky":false,"template":"","format":"standard","meta":{"_jetpack_memberships_contains_paid_content":false,"footnotes":""},"categories":[5,1],"tags":[],"class_list":["post-181834","post","type-post","status-publish","format-standard","has-post-thumbnail","hentry","category-informacion-general","category-portada"],"jetpack_featured_media_url":"https:\/\/i0.wp.com\/cdnoticias.com\/wp-content\/uploads\/2020\/10\/bomberosvoluntarios01.jpg?fit=4608%2C3072&ssl=1","jetpack_sharing_enabled":true,"_links":{"self":[{"href":"https:\/\/cdnoticias.com\/index.php\/wp-json\/wp\/v2\/posts\/181834","targetHints":{"allow":["GET"]}}],"collection":[{"href":"https:\/\/cdnoticias.com\/index.php\/wp-json\/wp\/v2\/posts"}],"about":[{"href":"https:\/\/cdnoticias.com\/index.php\/wp-json\/wp\/v2\/types\/post"}],"author":[{"embeddable":true,"href":"https:\/\/cdnoticias.com\/index.php\/wp-json\/wp\/v2\/users\/6"}],"replies":[{"embeddable":true,"href":"https:\/\/cdnoticias.com\/index.php\/wp-json\/wp\/v2\/comments?post=181834"}],"version-history":[{"count":0,"href":"https:\/\/cdnoticias.com\/index.php\/wp-json\/wp\/v2\/posts\/181834\/revisions"}],"wp:featuredmedia":[{"embeddable":true,"href":"https:\/\/cdnoticias.com\/index.php\/wp-json\/wp\/v2\/media\/4752"}],"wp:attachment":[{"href":"https:\/\/cdnoticias.com\/index.php\/wp-json\/wp\/v2\/media?parent=181834"}],"wp:term":[{"taxonomy":"category","embeddable":true,"href":"https:\/\/cdnoticias.com\/index.php\/wp-json\/wp\/v2\/categories?post=181834"},{"taxonomy":"post_tag","embeddable":true,"href":"https:\/\/cdnoticias.com\/index.php\/wp-json\/wp\/v2\/tags?post=181834"}],"curies":[{"name":"wp","href":"https:\/\/api.w.org\/{rel}","templated":true}]}}