{"id":181831,"date":"2025-09-08T17:30:04","date_gmt":"2025-09-08T20:30:04","guid":{"rendered":"https:\/\/cdnoticias.com\/?p=181831"},"modified":"2025-09-08T17:30:06","modified_gmt":"2025-09-08T20:30:06","slug":"nuevo-taller-de-podcast-las-posibilidades-del-lenguaje-sonoro","status":"publish","type":"post","link":"https:\/\/cdnoticias.com\/index.php\/2025\/09\/08\/nuevo-taller-de-podcast-las-posibilidades-del-lenguaje-sonoro\/","title":{"rendered":"Nuevo taller de Podcast: \u201cLas posibilidades del lenguaje sonoro\u201d"},"content":{"rendered":"\n<p>El taller comenzar\u00e1 el 16 de septiembre y estar\u00e1 a cargo de la Licenciada Yanela Alves.&nbsp;<\/p>\n\n\n\n<hr class=\"wp-block-separator aligncenter has-alpha-channel-opacity\"\/>\n\n\n\n<p>La<strong> Facultad de Ciencias Sociales<\/strong> ofrecer\u00e1<strong> desde el 16 de septiembre el Taller \u201cPodcast: las posibilidades del lenguaje sonoro\u201d,<\/strong> a trav\u00e9s del que se propone abordar temas fundamentales como la generaci\u00f3n de ideas, el manejo del lenguaje sonoro, la escritura de guiones, las t\u00e9cnicas de grabaci\u00f3n y edici\u00f3n, y finalmente, la <strong>difusi\u00f3n y promoci\u00f3n de los productos sonoros.<\/strong><\/p>\n\n\n\n<p><\/p>\n\n\n\n<blockquote class=\"wp-block-quote is-layout-flow wp-block-quote-is-layout-flow\">\n<p>Este enfoque integral garantizar\u00e1 que los participantes no solo adquieran habilidades t\u00e9cnicas, sino que, al mismo tiempo, desarrollen un pensamiento cr\u00edtico sobre el papel del podcast como medio de comunicaci\u00f3n alternativo; abordando desde la idea inicial hasta el producto final.<\/p>\n<\/blockquote>\n\n\n\n<p><\/p>\n\n\n\n<p>El taller estar\u00e1 a cargo de la<strong> Licenciada Yanela Alves<\/strong> y tendr\u00e1 una extensi\u00f3n total de<strong> 5 encuentros h\u00edbridos<\/strong> de 120 minutos cada uno. La propuesta dar\u00e1 inicio el <strong>martes 16 de septiembre de 15.30 a 17.30 horas. <\/strong><\/p>\n\n\n\n<p><\/p>\n\n\n\n<p>El curso est\u00e1 <strong>destinado a estudiantes, docentes, comunidad acad\u00e9mica, investigadores\/as, extensionistas y p\u00fablico interesado <\/strong>en la tem\u00e1tica. Para m\u00e1s informaci\u00f3n ingresar a <a href=\"http:\/\/www.soc.unicen.edu.ar\">www.soc.unicen.edu.ar<\/a><\/p>\n\n\n\n<p><\/p>\n","protected":false},"excerpt":{"rendered":"<p>El taller comenzar\u00e1 el 16 de septiembre y estar\u00e1 a cargo de la Licenciada Yanela Alves.&nbsp; La Facultad de Ciencias<\/p>\n","protected":false},"author":6,"featured_media":83263,"comment_status":"closed","ping_status":"closed","sticky":false,"template":"","format":"standard","meta":{"_jetpack_memberships_contains_paid_content":false,"footnotes":""},"categories":[5,1],"tags":[],"class_list":["post-181831","post","type-post","status-publish","format-standard","has-post-thumbnail","hentry","category-informacion-general","category-portada"],"jetpack_featured_media_url":"https:\/\/i0.wp.com\/cdnoticias.com\/wp-content\/uploads\/2023\/04\/Facultad-de-Ciencias-Sociales-1.jpg?fit=2000%2C1159&ssl=1","jetpack_sharing_enabled":true,"_links":{"self":[{"href":"https:\/\/cdnoticias.com\/index.php\/wp-json\/wp\/v2\/posts\/181831","targetHints":{"allow":["GET"]}}],"collection":[{"href":"https:\/\/cdnoticias.com\/index.php\/wp-json\/wp\/v2\/posts"}],"about":[{"href":"https:\/\/cdnoticias.com\/index.php\/wp-json\/wp\/v2\/types\/post"}],"author":[{"embeddable":true,"href":"https:\/\/cdnoticias.com\/index.php\/wp-json\/wp\/v2\/users\/6"}],"replies":[{"embeddable":true,"href":"https:\/\/cdnoticias.com\/index.php\/wp-json\/wp\/v2\/comments?post=181831"}],"version-history":[{"count":0,"href":"https:\/\/cdnoticias.com\/index.php\/wp-json\/wp\/v2\/posts\/181831\/revisions"}],"wp:featuredmedia":[{"embeddable":true,"href":"https:\/\/cdnoticias.com\/index.php\/wp-json\/wp\/v2\/media\/83263"}],"wp:attachment":[{"href":"https:\/\/cdnoticias.com\/index.php\/wp-json\/wp\/v2\/media?parent=181831"}],"wp:term":[{"taxonomy":"category","embeddable":true,"href":"https:\/\/cdnoticias.com\/index.php\/wp-json\/wp\/v2\/categories?post=181831"},{"taxonomy":"post_tag","embeddable":true,"href":"https:\/\/cdnoticias.com\/index.php\/wp-json\/wp\/v2\/tags?post=181831"}],"curies":[{"name":"wp","href":"https:\/\/api.w.org\/{rel}","templated":true}]}}