{"id":181828,"date":"2025-09-08T16:06:31","date_gmt":"2025-09-08T19:06:31","guid":{"rendered":"https:\/\/cdnoticias.com\/?p=181828"},"modified":"2025-09-08T16:06:33","modified_gmt":"2025-09-08T19:06:33","slug":"alberto-enrique-heinrich-el-caballo-q-e-p-d","status":"publish","type":"post","link":"https:\/\/cdnoticias.com\/index.php\/2025\/09\/08\/alberto-enrique-heinrich-el-caballo-q-e-p-d\/","title":{"rendered":"Alberto Enrique Heinrich \u201cEl Caballo\u201d (Q.E.P.D.)"},"content":{"rendered":"\n<hr class=\"wp-block-separator aligncenter has-alpha-channel-opacity\"\/>\n\n\n\n<p>Falleci\u00f3 en Olavarr\u00eda el 8 de septiembre de 2025 a los 84 a\u00f1os. Su esposa Sara In\u00e9s Rabainera. Sus hijos Alberto, Eduardo y Karina Heinrich. Sus hijos pol\u00edticos Viviana Salinas, Dar\u00edo Ponce y Daniela Villegas. Sus nietos Facundo, Angie, Alma, Tiara, Priscila y Bianca. Sus hermanos Atilio y H\u00e9ctor Heinrich. Sus hermanas pol\u00edticas Olga Rabainera y Rosa Predigger. Sus sobrinos y dem\u00e1s deudos participan su fallecimiento.<\/p>\n\n\n\n<p>Sus restos ser\u00e1n velados en la Sala de Espa\u00f1a 2942 departamento \u201cB\u201d, la cual cierra a las 20:00 horas y reabre el martes a las 08:00 horas, previo responso en la Capilla Ardiente, e inhumados en el Cementerio Loma de Paz el martes 9 de septiembre a las 10:30 horas. Servicio adherido a Coopelectric.<\/p>\n\n\n\n<p>Nacido en General La Madrid, vecino de barrio San Vicente, jubilado de Cerro Negro.<\/p>\n","protected":false},"excerpt":{"rendered":"<p>Falleci\u00f3 en Olavarr\u00eda el 8 de septiembre de 2025 a los 84 a\u00f1os. Su esposa Sara In\u00e9s Rabainera. Sus hijos<\/p>\n","protected":false},"author":2,"featured_media":100390,"comment_status":"closed","ping_status":"closed","sticky":false,"template":"","format":"standard","meta":{"_jetpack_memberships_contains_paid_content":false,"footnotes":""},"categories":[10],"tags":[],"class_list":["post-181828","post","type-post","status-publish","format-standard","has-post-thumbnail","hentry","category-necrologicas"],"jetpack_featured_media_url":"https:\/\/i0.wp.com\/cdnoticias.com\/wp-content\/uploads\/2023\/10\/necrologicas-390-x-240.jpg?fit=390%2C240&ssl=1","jetpack_sharing_enabled":true,"_links":{"self":[{"href":"https:\/\/cdnoticias.com\/index.php\/wp-json\/wp\/v2\/posts\/181828","targetHints":{"allow":["GET"]}}],"collection":[{"href":"https:\/\/cdnoticias.com\/index.php\/wp-json\/wp\/v2\/posts"}],"about":[{"href":"https:\/\/cdnoticias.com\/index.php\/wp-json\/wp\/v2\/types\/post"}],"author":[{"embeddable":true,"href":"https:\/\/cdnoticias.com\/index.php\/wp-json\/wp\/v2\/users\/2"}],"replies":[{"embeddable":true,"href":"https:\/\/cdnoticias.com\/index.php\/wp-json\/wp\/v2\/comments?post=181828"}],"version-history":[{"count":0,"href":"https:\/\/cdnoticias.com\/index.php\/wp-json\/wp\/v2\/posts\/181828\/revisions"}],"wp:featuredmedia":[{"embeddable":true,"href":"https:\/\/cdnoticias.com\/index.php\/wp-json\/wp\/v2\/media\/100390"}],"wp:attachment":[{"href":"https:\/\/cdnoticias.com\/index.php\/wp-json\/wp\/v2\/media?parent=181828"}],"wp:term":[{"taxonomy":"category","embeddable":true,"href":"https:\/\/cdnoticias.com\/index.php\/wp-json\/wp\/v2\/categories?post=181828"},{"taxonomy":"post_tag","embeddable":true,"href":"https:\/\/cdnoticias.com\/index.php\/wp-json\/wp\/v2\/tags?post=181828"}],"curies":[{"name":"wp","href":"https:\/\/api.w.org\/{rel}","templated":true}]}}