{"id":181823,"date":"2025-09-08T16:11:52","date_gmt":"2025-09-08T19:11:52","guid":{"rendered":"https:\/\/cdnoticias.com\/?p=181823"},"modified":"2025-09-09T08:39:46","modified_gmt":"2025-09-09T11:39:46","slug":"la-primera-impresion-es-realmente-triste-por-el-resultado-global-de-la-provincia","status":"publish","type":"post","link":"https:\/\/cdnoticias.com\/index.php\/2025\/09\/08\/la-primera-impresion-es-realmente-triste-por-el-resultado-global-de-la-provincia\/","title":{"rendered":"\u201cLa primera impresi\u00f3n es realmente triste por el resultado global de la provincia\u201d"},"content":{"rendered":"<p>Fue el an\u00e1lisis de Ezequiel Galli sobre el resultado de las Legislativas bonaerenses. Adem\u00e1s celebr\u00f3 el resultado local \u2013\u201cque entren cinco concejales j\u00f3venes que est\u00e1n incursionando en pol\u00edtica es un gran resultado\u201d- y lament\u00f3 el seccional.<!--more--><\/p>\n<hr \/>\n<p><strong>Ezequiel Galli<\/strong> habl\u00f3 sobre el <strong>resultado electoral en el local de La Libertad Avanza<\/strong>. Valor\u00f3 <strong>negativamente el balance global<\/strong> y destac\u00f3 los buenos n\u00fameros locales que logr\u00f3 el sector. Cabe recordar que el ex intendente<strong> era tercer candidato a senador por la S\u00e9ptima<\/strong>, lista que no tuvo chances de ingresar a pesar de haber tenido una buena performance en Olavarr\u00eda.<\/p>\n<p>&#8211;<em>Ezequiel, \u00bfcu\u00e1les son las primeras impresiones despu\u00e9s de esta jornada electoral?<\/em><\/p>\n<p>&#8211;<strong>La primera impresi\u00f3n es realmente triste por el resultado global de la provincia<\/strong>. La verdad que planteamos una campa\u00f1a desde la provincia pensando en que el resultado iba a ser diferente, pero es lo que eligi\u00f3 la gente, es lo que vot\u00f3 la gente en toda la provincia.<\/p>\n<blockquote><p>Ac\u00e1 en Olavarr\u00eda estamos muy contentos porque para la alianza La Libertad Avanza, realmente que entren cinco concejales j\u00f3venes que est\u00e1n incursionando en pol\u00edtica es un gran resultado. Fue una campa\u00f1a muy austera de parte nuestra, una campa\u00f1a muy violenta en materia de recursos de parte del estado municipal y que sea 5 a 5 realmente nos pone en una situaci\u00f3n muy interesante de cara a lo que se viene en el Concejo Deliberante, que son dos a\u00f1os hasta la elecci\u00f3n ejecutiva que van a ser de una discusi\u00f3n muy profunda. Desde lo local muy contentos.<\/p><\/blockquote>\n<p><img data-recalc-dims=\"1\" loading=\"lazy\" decoding=\"async\" class=\"alignnone size-full wp-image-181791 aligncenter\" src=\"https:\/\/i0.wp.com\/cdnoticias.com\/wp-content\/uploads\/2025\/09\/la-libertad-avanza-elecciones-03.jpg?resize=800%2C445&#038;ssl=1\" alt=\"\" width=\"800\" height=\"445\" srcset=\"https:\/\/i0.wp.com\/cdnoticias.com\/wp-content\/uploads\/2025\/09\/la-libertad-avanza-elecciones-03.jpg?w=1000&amp;ssl=1 1000w, https:\/\/i0.wp.com\/cdnoticias.com\/wp-content\/uploads\/2025\/09\/la-libertad-avanza-elecciones-03.jpg?resize=300%2C167&amp;ssl=1 300w, https:\/\/i0.wp.com\/cdnoticias.com\/wp-content\/uploads\/2025\/09\/la-libertad-avanza-elecciones-03.jpg?resize=768%2C427&amp;ssl=1 768w, https:\/\/i0.wp.com\/cdnoticias.com\/wp-content\/uploads\/2025\/09\/la-libertad-avanza-elecciones-03.jpg?resize=800%2C445&amp;ssl=1 800w\" sizes=\"auto, (max-width: 800px) 100vw, 800px\" \/><\/p>\n<p><em>-\u00bfQu\u00e9 lectura haces de la baja participaci\u00f3n pero a su vez de esta polarizaci\u00f3n que se dio entre quienes s\u00ed fueron a votar?<\/em><\/p>\n<p>-Sab\u00edamos que iba a haber una participaci\u00f3n baja, hay <strong>un desencanto generalizado de la sociedad y es l\u00f3gico<\/strong>. Lo ven\u00edamos viendo en otras provincias, en otras elecciones. <strong>No nos imaginamos que iba a ser el 60 y pico por ciento, pensamos que iba a ser menos.<\/strong> Es para revisar tambi\u00e9n qu\u00e9 es lo que est\u00e1 sucediendo, que la gente no quiere ir a votar. Todos los que estamos en pol\u00edtica, los que tenemos un cargo, <strong>desde el primero hasta el \u00faltimo tenemos que hacer un mea culpa y una revisi\u00f3n de lo que est\u00e1 pasando<\/strong>.<\/p>\n<p><em>-\u00bfQu\u00e9 an\u00e1lisis hac\u00e9s sobre la derrota en la S\u00e9ptima secci\u00f3n?<\/em><\/p>\n<p>-Fue muy pareja, <strong>por 0,14% creo que no pudimos perforar el piso<\/strong>. Fue m\u00e1s o menos generalizado lo que pas\u00f3 en las distintas secciones, sab\u00edamos que estaba parejo en ese sentido.<strong> Una l\u00e1stima que por tan poquito no haya podido entrar Alejandro (Speroni)<\/strong> y poder tener una banca en el Senado para los pr\u00f3ximos cuatro a\u00f1os.<\/p>\n<p><em>-Pero en Olavarr\u00eda el resultado de la S\u00e9ptima en particular fue favorable, \u00bfc\u00f3mo lo analiz\u00e1s?<\/em><\/p>\n<p>&#8211;<strong>Hubo un peque\u00f1o corte a favor de la seccional, algo raro<\/strong>. En an\u00e1lisis fr\u00edo te digo que es una pena que por tan poquito no podamos tener una representaci\u00f3n de la S\u00e9ptima de nuestra fuerza pol\u00edtica.<\/p>\n","protected":false},"excerpt":{"rendered":"<p>Fue el an\u00e1lisis de Ezequiel Galli sobre el resultado de las Legislativas bonaerenses. Adem\u00e1s celebr\u00f3 el resultado local \u2013\u201cque entren<\/p>\n","protected":false},"author":4,"featured_media":181697,"comment_status":"closed","ping_status":"closed","sticky":false,"template":"","format":"standard","meta":{"_jetpack_memberships_contains_paid_content":false,"footnotes":""},"categories":[4,1],"tags":[],"class_list":["post-181823","post","type-post","status-publish","format-standard","has-post-thumbnail","hentry","category-politica","category-portada"],"jetpack_featured_media_url":"https:\/\/i0.wp.com\/cdnoticias.com\/wp-content\/uploads\/2025\/09\/galli-voto.jpg?fit=900%2C675&ssl=1","jetpack_sharing_enabled":true,"_links":{"self":[{"href":"https:\/\/cdnoticias.com\/index.php\/wp-json\/wp\/v2\/posts\/181823","targetHints":{"allow":["GET"]}}],"collection":[{"href":"https:\/\/cdnoticias.com\/index.php\/wp-json\/wp\/v2\/posts"}],"about":[{"href":"https:\/\/cdnoticias.com\/index.php\/wp-json\/wp\/v2\/types\/post"}],"author":[{"embeddable":true,"href":"https:\/\/cdnoticias.com\/index.php\/wp-json\/wp\/v2\/users\/4"}],"replies":[{"embeddable":true,"href":"https:\/\/cdnoticias.com\/index.php\/wp-json\/wp\/v2\/comments?post=181823"}],"version-history":[{"count":0,"href":"https:\/\/cdnoticias.com\/index.php\/wp-json\/wp\/v2\/posts\/181823\/revisions"}],"wp:featuredmedia":[{"embeddable":true,"href":"https:\/\/cdnoticias.com\/index.php\/wp-json\/wp\/v2\/media\/181697"}],"wp:attachment":[{"href":"https:\/\/cdnoticias.com\/index.php\/wp-json\/wp\/v2\/media?parent=181823"}],"wp:term":[{"taxonomy":"category","embeddable":true,"href":"https:\/\/cdnoticias.com\/index.php\/wp-json\/wp\/v2\/categories?post=181823"},{"taxonomy":"post_tag","embeddable":true,"href":"https:\/\/cdnoticias.com\/index.php\/wp-json\/wp\/v2\/tags?post=181823"}],"curies":[{"name":"wp","href":"https:\/\/api.w.org\/{rel}","templated":true}]}}