{"id":181800,"date":"2025-09-08T08:10:32","date_gmt":"2025-09-08T11:10:32","guid":{"rendered":"https:\/\/cdnoticias.com\/?p=181800"},"modified":"2025-09-08T10:55:39","modified_gmt":"2025-09-08T13:55:39","slug":"clara-derrota-javier-milei-reconocio-errores-pero-no-se-retrocede-ni-un-milimetro-en-la-politica-del-gobierno","status":"publish","type":"post","link":"https:\/\/cdnoticias.com\/index.php\/2025\/09\/08\/clara-derrota-javier-milei-reconocio-errores-pero-no-se-retrocede-ni-un-milimetro-en-la-politica-del-gobierno\/","title":{"rendered":"&#8220;Clara derrota&#8221;: Javier Milei reconoci\u00f3 errores pero &#8220;no se retrocede ni un mil\u00edmetro en la pol\u00edtica del gobierno&#8221;"},"content":{"rendered":"<p>\u201cEl rumbo no solo que se confirma, sino que lo vamos a acelerar y profundizar m\u00e1s\u201d, dijo el Presidente, una hora despu\u00e9s de conocidos los datos oficiales.<!--more--><\/p>\n<hr \/>\n<p>El <strong>presidente Javier Milei<\/strong> acept\u00f3 la<strong> \u201cclara derrota\u201d de La Libertad Avanza<\/strong> en las elecciones legislativas de este domingo, pero aclar\u00f3 que <strong>\u201cno se retrocede ni un mil\u00edmetro\u201d en las pol\u00edticas de gobierno.<\/strong> Es m\u00e1s, se van a \u201cacelerar y profundizar m\u00e1s\u201d.<\/p>\n<blockquote><p>\u201cLo que hay que ser claro es que, sin ninguna duda, en el plano pol\u00edtico hoy hemos tenido una clara derrota. Y si alguien quiere empezar a reconstruir y salir adelante, lo primero que hay que aceptar son los resultados\u201d, dijo Milei pasadas las 10 de la noche, una hora despu\u00e9s de que se oficializar\u00e1 esa \u201cdura derrota\u201d a manos del oficialismo provincial. \u201cHoy los resultados no han sido positivos y hemos tenido un rev\u00e9s electoral y hay que aceptarlo\u201d, sigui\u00f3 el Presidente desde el escenario del b\u00fanker libertario, en las afueras de la ciudad de La Plata, y minutos despu\u00e9s de que el armador Sebasti\u00e1n Pareja fuera el primero en hablar a los seguidores.<\/p><\/blockquote>\n<p>Despu\u00e9s de analizar que en las elecciones de este domingo<strong> el peronismo alcanz\u00f3 su \u201ctecho\u201d y La Libertad Avanza su \u201cpiso\u201d<\/strong>, \u201cm\u00e1s all\u00e1 de este resultado electoral, tambi\u00e9n quiero se\u00f1alar a todos los argentinos que <strong>el rumbo por el cual fuimos elegidos en el a\u00f1o 2023 no se va a modificar, sino que se va a arreglar\u201d<\/strong>. Y fue m\u00e1s all\u00e1: \u201cVamos a seguir defendiendo con u\u00f1as y dientes y con todo lo que tengamos el equilibrio fiscal\u201d.<\/p>\n<p>Acompa\u00f1ado por miembros de su Gabinete, entre ellos la secretaria General de la Presidencia, su hermana Karina Milei, y el asesor Nicol\u00e1s Caputo, el otro integrante del \u201ctri\u00e1ngulo de hierro\u201d, el Presidente enumer\u00f3 esa continuidad \u00e1rea por \u00e1rea:<strong> \u201cVamos a seguir manteniendo la fuerte restricci\u00f3n monetaria. Vamos a mantener el esquema cambiario al cual nos comprometimos con los argentinos.<\/strong> Vamos a seguir redoblando esfuerzos en nuestra pol\u00edtica de desregulaci\u00f3n. Vamos a seguir redoblando esfuerzos y <strong>mejorando a\u00fan m\u00e1s en nuestra pol\u00edtica de capital humano<\/strong>. Vamos a seguir manteniendo nuestra pol\u00edtica de defensa. Vamos a continuar dando<strong> lucha contra la inseguridad<\/strong> a partir de nuestra pol\u00edtica de seguridad. Vamos a seguir manteniendo las reformas en el plano que tiene que ver con todo el andamiaje legal de Argentina en el Ministerio de Justicia y vamos a continuar con el trabajo fuerte que hace el ministro (de Salud, Mario) Lugones. Adem\u00e1s, vamos a seguir manteniendo nuestra posici\u00f3n en el mundo: <strong>vamos a continuar estando del lado del bien en el mundo y vamos a continuar en nuestra profundizaci\u00f3n de los v\u00ednculos con el mundo\u201d<\/strong>.<\/p>\n<blockquote><p>O sea, seg\u00fan Milei, \u201cno se retrocede ni un mil\u00edmetro en la pol\u00edtica del gobierno. El rumbo no solo que se confirma, sino que lo vamos a acelerar y profundizar m\u00e1s\u201d. Es que, a decir del Presidente, \u201cno estamos dispuestos a entregar un modelo que tom\u00f3 la tasa de inflaci\u00f3n en niveles del 300% y lo llev\u00f3 al 20%. Porque no estamos dispuestos a ceder en un modelo que hoy la econom\u00eda se expande a una tasa del 7% promedio en el primer semestre. Porque no estamos dispuestos a entregar un modelo que sac\u00f3 a 12 millones de personas de la pobreza\u201d.<\/p><\/blockquote>\n<p>Por ello, en su alocuci\u00f3n de poco m\u00e1s de seis minutos, Milei anunci\u00f3: <strong>\u201cSi hemos cometido errores en lo pol\u00edtico, los vamos a internalizar<\/strong>, los vamos a procesar, vamos a modificar las acciones y vamos a hacer cada vez mejor para tener un mejor resultado el 26 de octubre. Porque como dec\u00eda (Winston) Churchill, el \u00e9xito no es definitivo, <strong>el fracaso no es fatal, lo que cuenta es el coraje para continuar<\/strong>. Y nosotros vamos a continuar abrazando las ideas de la libertad, porque vamos a hacer grande a la Argentina nuevamente\u201d.<\/p>\n<p>Y cerr\u00f3: \u201cPorque como hemos dicho en la campa\u00f1a, o<strong> La Libertad Avanza o Argentina retrocede<\/strong>. Y nuestro compromiso por hacer grande a la Argentina nuevamente no se negocia. Much\u00edsimas gracias y todos a trabajar ma\u00f1ana que hay que sacar un pa\u00eds adelante. \u00a1Viva la libertad, carajo! \u00a1Viva la libertad, carajo! \u00a1Viva la libertad, carajo! Muchas gracias a todos\u201d.<\/p>\n<h4>\u201cTodo el aparato peronista\u201d<\/h4>\n<p>En su an\u00e1lisis de la elecci\u00f3n, el presidente Javier Milei habl\u00f3 de \u201ctechos\u201d y \u201cpisos\u201d. \u201cCuando uno mira estos resultados que por ahora se est\u00e1n surgiendo (dijo pasadas las 10 de la noche), lo que queda claro es que <strong>ellos tuvieron un desempe\u00f1o en l\u00ednea con lo que suelen tener en las elecciones de tipo ejecutiva<\/strong>. Es decir, ellos <strong>han puesto en esta elecci\u00f3n todo el aparato peronista<\/strong> que manejan hace m\u00e1s de 40 a\u00f1os y que lo hacen de manera muy eficiente y, por lo tanto, tal como ven\u00edamos se\u00f1alando recurrentemente, <strong>este iba a representar el piso para nosotros y el techo para ellos\u201d<\/strong>.<\/p>\n<blockquote><p>Seg\u00fan Milei, \u201cellos (el peronismo) han hecho la mejor de las elecciones que pudieran hacer posible porque estaban en juego sus cargos y sus distritos. Por lo tanto, este es un piso desde el cual empezaremos a trabajar de cara a este 26 de octubre que vienen las elecciones nacionales. Naturalmente, a medida que vayamos completando todos los resultados, esto va a dar lugar a un profundo an\u00e1lisis de los datos y, naturalmente, eso va a conllevar a una profunda autocr\u00edtica donde aquellas cosas en las que nos hemos equivocado las vamos a corregir\u201d.<\/p><\/blockquote>\n<p>\u201cNo hay opci\u00f3n de repetir los errores. <strong>De cara al futuro vamos a corregir todos nuestros errores\u201d<\/strong>, dijo Milei.<\/p>\n<p>Fuente: <em>Agencia DIB<\/em><\/p>\n","protected":false},"excerpt":{"rendered":"<p>\u201cEl rumbo no solo que se confirma, sino que lo vamos a acelerar y profundizar m\u00e1s\u201d, dijo el Presidente, una<\/p>\n","protected":false},"author":4,"featured_media":181801,"comment_status":"closed","ping_status":"closed","sticky":false,"template":"","format":"standard","meta":{"_jetpack_memberships_contains_paid_content":false,"footnotes":""},"categories":[4,1],"tags":[],"class_list":["post-181800","post","type-post","status-publish","format-standard","has-post-thumbnail","hentry","category-politica","category-portada"],"jetpack_featured_media_url":"https:\/\/i0.wp.com\/cdnoticias.com\/wp-content\/uploads\/2025\/09\/javier-milei-la-libertad-avanza.jpg?fit=800%2C533&ssl=1","jetpack_sharing_enabled":true,"_links":{"self":[{"href":"https:\/\/cdnoticias.com\/index.php\/wp-json\/wp\/v2\/posts\/181800","targetHints":{"allow":["GET"]}}],"collection":[{"href":"https:\/\/cdnoticias.com\/index.php\/wp-json\/wp\/v2\/posts"}],"about":[{"href":"https:\/\/cdnoticias.com\/index.php\/wp-json\/wp\/v2\/types\/post"}],"author":[{"embeddable":true,"href":"https:\/\/cdnoticias.com\/index.php\/wp-json\/wp\/v2\/users\/4"}],"replies":[{"embeddable":true,"href":"https:\/\/cdnoticias.com\/index.php\/wp-json\/wp\/v2\/comments?post=181800"}],"version-history":[{"count":0,"href":"https:\/\/cdnoticias.com\/index.php\/wp-json\/wp\/v2\/posts\/181800\/revisions"}],"wp:featuredmedia":[{"embeddable":true,"href":"https:\/\/cdnoticias.com\/index.php\/wp-json\/wp\/v2\/media\/181801"}],"wp:attachment":[{"href":"https:\/\/cdnoticias.com\/index.php\/wp-json\/wp\/v2\/media?parent=181800"}],"wp:term":[{"taxonomy":"category","embeddable":true,"href":"https:\/\/cdnoticias.com\/index.php\/wp-json\/wp\/v2\/categories?post=181800"},{"taxonomy":"post_tag","embeddable":true,"href":"https:\/\/cdnoticias.com\/index.php\/wp-json\/wp\/v2\/tags?post=181800"}],"curies":[{"name":"wp","href":"https:\/\/api.w.org\/{rel}","templated":true}]}}