{"id":18179,"date":"2021-04-07T10:17:20","date_gmt":"2021-04-07T13:17:20","guid":{"rendered":"http:\/\/www.centraldenoticias.com.ar\/?p=18179"},"modified":"2021-04-07T11:06:19","modified_gmt":"2021-04-07T14:06:19","slug":"sin-incidentes-transcurrio-la-noche-en-la-toma-de-viviendas","status":"publish","type":"post","link":"https:\/\/cdnoticias.com\/index.php\/2021\/04\/07\/sin-incidentes-transcurrio-la-noche-en-la-toma-de-viviendas\/","title":{"rendered":"Sin incidentes transcurri\u00f3 la noche en la toma de viviendas"},"content":{"rendered":"<p>Los vecinos se mantuvieron en los lotes. El predio sigue cercado por polic\u00edas de distintas divisiones que esperan medidas judiciales.<!--more--><\/p>\n<hr \/>\n<p><strong>\u201cSeguimos ac\u00e1, por ahora tranquilo\u201d inform\u00f3 una de las vecinas que permaneci\u00f3 toda la noche en la toma de lotes de la zona de Grimaldi y calle 11<\/strong>.<\/p>\n<p>&nbsp;<\/p>\n<p>Durante la madrugada estuvieron en el lugar <a href=\"https:\/\/cdnoticias.com\/index.php\/2021\/04\/06\/toma-del-barrio-lourdes-pacificamente-yo-pongo-la-cara-siempre\/\" target=\"_blank\" rel=\"noopener\">los vecinos que tomaron los terrenos<\/a> y tambi\u00e9n <a href=\"https:\/\/cdnoticias.com\/index.php\/2021\/04\/06\/tension-en-la-toma-de-barrio-lourdes-acordonan-el-predio-a-la-espera-de-la-justicia\/\" target=\"_blank\" rel=\"noopener\">decenas de polic\u00edas que estuvieron apostados para cercar el sector<\/a>. <strong>No hubo incidentes y prim\u00f3 el clima de calma que se vivi\u00f3 tambi\u00e9n el martes<\/strong>.<\/p>\n<p><img data-recalc-dims=\"1\" loading=\"lazy\" decoding=\"async\" class=\"aligncenter wp-image-18153 size-full\" src=\"https:\/\/i0.wp.com\/cdnoticias.com\/wp-content\/uploads\/2021\/04\/toma11.jpg?resize=800%2C445&#038;ssl=1\" alt=\"\" width=\"800\" height=\"445\" srcset=\"https:\/\/i0.wp.com\/cdnoticias.com\/wp-content\/uploads\/2021\/04\/toma11.jpg?w=800&amp;ssl=1 800w, https:\/\/i0.wp.com\/cdnoticias.com\/wp-content\/uploads\/2021\/04\/toma11.jpg?resize=300%2C167&amp;ssl=1 300w, https:\/\/i0.wp.com\/cdnoticias.com\/wp-content\/uploads\/2021\/04\/toma11.jpg?resize=768%2C427&amp;ssl=1 768w\" sizes=\"auto, (max-width: 800px) 100vw, 800px\" \/><\/p>\n<p>&nbsp;<\/p>\n<p>Durante la ma\u00f1ana, pasadas las 8,<strong> hicieron el relevo de efectivos y nuevamente se reiter\u00f3 que se aguardan disposiciones de la Justicia<\/strong> para tomar nuevas medidas.<\/p>\n<p>&nbsp;<\/p>\n<p><strong>Interviene en el caso la UFI N.\u00ba 10 a cargo del fiscal Miguel Pi\u00f1eiro<\/strong> donde el intendente <a href=\"https:\/\/cdnoticias.com\/index.php\/2021\/04\/06\/el-intendente-galli-denuncio-penalmente-la-toma-de-terrenos-en-el-barrio-lourdes\/\" target=\"_blank\" rel=\"noopener\">Ezequiel Galli present\u00f3 la denuncia<\/a> por la usurpaci\u00f3n de terrenos.<\/p>\n<p>&nbsp;<\/p>\n<p>Cabe recordar que la toma comenz\u00f3 hace ya una semana y para el martes<a href=\"https:\/\/cdnoticias.com\/index.php\/2021\/04\/06\/usurpacion-en-barrio-lourdes-crecen-la-cantidad-de-familias-y-esperan-al-municipio\/\" target=\"_blank\" rel=\"noopener\"> hab\u00eda m\u00e1s de cien familias<\/a> en la ocupaci\u00f3n de terrenos que hab\u00edan subdividido y distribuido. Desde el Municipio hab\u00edan dejado entrever que pod\u00edan recibirlos y exponer el problema habitacional y social, sin embargo eso nunca sucedi\u00f3 y se eligi\u00f3 la v\u00eda judicial.<\/p>\n","protected":false},"excerpt":{"rendered":"<p>Los vecinos se mantuvieron en los lotes. El predio sigue cercado por polic\u00edas de distintas divisiones que esperan medidas judiciales.<\/p>\n","protected":false},"author":4,"featured_media":18123,"comment_status":"closed","ping_status":"closed","sticky":false,"template":"","format":"standard","meta":{"_jetpack_memberships_contains_paid_content":false,"footnotes":""},"categories":[5,1],"tags":[],"class_list":["post-18179","post","type-post","status-publish","format-standard","has-post-thumbnail","hentry","category-informacion-general","category-portada"],"jetpack_featured_media_url":"https:\/\/i0.wp.com\/cdnoticias.com\/wp-content\/uploads\/2021\/04\/WhatsApp-Image-2021-04-06-at-16.37.39.jpeg?fit=1280%2C720&ssl=1","jetpack_sharing_enabled":true,"_links":{"self":[{"href":"https:\/\/cdnoticias.com\/index.php\/wp-json\/wp\/v2\/posts\/18179","targetHints":{"allow":["GET"]}}],"collection":[{"href":"https:\/\/cdnoticias.com\/index.php\/wp-json\/wp\/v2\/posts"}],"about":[{"href":"https:\/\/cdnoticias.com\/index.php\/wp-json\/wp\/v2\/types\/post"}],"author":[{"embeddable":true,"href":"https:\/\/cdnoticias.com\/index.php\/wp-json\/wp\/v2\/users\/4"}],"replies":[{"embeddable":true,"href":"https:\/\/cdnoticias.com\/index.php\/wp-json\/wp\/v2\/comments?post=18179"}],"version-history":[{"count":0,"href":"https:\/\/cdnoticias.com\/index.php\/wp-json\/wp\/v2\/posts\/18179\/revisions"}],"wp:featuredmedia":[{"embeddable":true,"href":"https:\/\/cdnoticias.com\/index.php\/wp-json\/wp\/v2\/media\/18123"}],"wp:attachment":[{"href":"https:\/\/cdnoticias.com\/index.php\/wp-json\/wp\/v2\/media?parent=18179"}],"wp:term":[{"taxonomy":"category","embeddable":true,"href":"https:\/\/cdnoticias.com\/index.php\/wp-json\/wp\/v2\/categories?post=18179"},{"taxonomy":"post_tag","embeddable":true,"href":"https:\/\/cdnoticias.com\/index.php\/wp-json\/wp\/v2\/tags?post=18179"}],"curies":[{"name":"wp","href":"https:\/\/api.w.org\/{rel}","templated":true}]}}