{"id":181776,"date":"2025-09-07T23:08:37","date_gmt":"2025-09-08T02:08:37","guid":{"rendered":"https:\/\/cdnoticias.com\/?p=181776"},"modified":"2025-09-08T10:37:34","modified_gmt":"2025-09-08T13:37:34","slug":"legislativas-2025-fuerza-patria-gano-en-olavarria-y-la-libertad-avanza-quedo-muy-cerca","status":"publish","type":"post","link":"https:\/\/cdnoticias.com\/index.php\/2025\/09\/07\/legislativas-2025-fuerza-patria-gano-en-olavarria-y-la-libertad-avanza-quedo-muy-cerca\/","title":{"rendered":"Legislativas 2025: Fuerza Patria gan\u00f3 en Olavarr\u00eda y la Libertad Avanza qued\u00f3 muy cerca"},"content":{"rendered":"<p>Tres puntos de diferencia separaron al primero al segundo en una elecci\u00f3n donde la polarizaci\u00f3n fue la marca. El reparto de bancas es discutido. La participaci\u00f3n lleg\u00f3 casi a 60%.<!--more--><\/p>\n<hr \/>\n<p>El<strong> resultado de las elecciones Legislativas 2025<\/strong> de la provincia de Buenos Aires tuvo <strong>en Olavarr\u00eda una victoria de Fuerza Patria<\/strong> &#8211;<a href=\"https:\/\/cdnoticias.com\/index.php\/2025\/09\/07\/fuerza-patria-saca-una-leve-ventaja-por-sobre-la-libertad-avanza\/\" target=\"_blank\" rel=\"noopener\">confirmando la tendencia prevista horas antes<\/a>-, aunque en segundo lugar y <strong>muy cerca qued\u00f3 La Libertad Avanza<\/strong>.<\/p>\n<blockquote>\n<p>Por 38,81% (22.065 votos) se impuso la fuerza liderada por el intendente Maximiliano Wesner mientras que la lista libertaria lleg\u00f3 a 35,31% (20.076 votos). Muy relegadas quedaron las dem\u00e1s fuerzas: Somos sum\u00f3 9,61% (5.468 votos) y el Frente de Izquierda 3,48% (1.981 votos).<\/p>\n<\/blockquote>\n<p>De esta manera, <strong>la polarizaci\u00f3n marc\u00f3 el resultado final<\/strong> para el reparto de las bancas al Concejo Deliberante y las cuatro bancas para el Consejo Escolar que estaban en juego. No obstante, los n\u00fameros estaban en discusi\u00f3n:<strong> mientras Fuerza Patria aseguraba que ingresaba seis concejales y cuatro eran de la lista violeta, en La Libertad Avanza insistieron con que el reparto era 5-5.<\/strong><\/p>\n<p>\u00a0<\/p>\n<p><img data-recalc-dims=\"1\" loading=\"lazy\" decoding=\"async\" class=\"alignnone size-full wp-image-181778 aligncenter\" src=\"https:\/\/i0.wp.com\/cdnoticias.com\/wp-content\/uploads\/2025\/09\/elecciones-2025-resultados-olavarria-A.jpg?resize=800%2C445&#038;ssl=1\" alt=\"\" width=\"800\" height=\"445\" srcset=\"https:\/\/i0.wp.com\/cdnoticias.com\/wp-content\/uploads\/2025\/09\/elecciones-2025-resultados-olavarria-A.jpg?w=1000&amp;ssl=1 1000w, https:\/\/i0.wp.com\/cdnoticias.com\/wp-content\/uploads\/2025\/09\/elecciones-2025-resultados-olavarria-A.jpg?resize=300%2C167&amp;ssl=1 300w, https:\/\/i0.wp.com\/cdnoticias.com\/wp-content\/uploads\/2025\/09\/elecciones-2025-resultados-olavarria-A.jpg?resize=768%2C427&amp;ssl=1 768w, https:\/\/i0.wp.com\/cdnoticias.com\/wp-content\/uploads\/2025\/09\/elecciones-2025-resultados-olavarria-A.jpg?resize=800%2C445&amp;ssl=1 800w\" sizes=\"auto, (max-width: 800px) 100vw, 800px\" \/><\/p>\n<p>Para la definici\u00f3n <strong>debe aguardarse el escrutinio total de las mesas<\/strong>, a fin de conocer el total de votos positivos que determina el cociente mediante el que se fijan los resultados.<\/p>\n<p>La <strong>participaci\u00f3n<\/strong> fue baja en comparaci\u00f3n con los registros de elecciones anteriores que<strong> en Olavarr\u00eda rondaba poco m\u00e1s de 70% en promedio<\/strong>. Tal como se ve\u00eda en las elecciones provinciales anteriores, la asistencia de los bonaerenses a las urnas marc\u00f3 una ca\u00edda notable. <strong>En el caso de Olavarr\u00eda lleg\u00f3 a 59,68%<\/strong>: poco m\u00e1s de <strong>60 mil vecinos<\/strong> asistieron a las mesas de votaci\u00f3n mientras que el padr\u00f3n total se compuso de <a href=\"https:\/\/cdnoticias.com\/index.php\/2025\/09\/07\/legislativas-2025-101-087-olavarrienses-estan-habilitados-a-votar-en-300-mesas\/\" target=\"_blank\" rel=\"noopener\">101 mil electores<\/a>.<\/p>\n\n\n<p><\/p>\n\n\n<p><blockquote class=\"wp-embedded-content\" data-secret=\"2O9HNU9k8V\"><a href=\"https:\/\/cdnoticias.com\/index.php\/2025\/09\/07\/evelyn-diaz-sera-senadora-provincial-fuerza-patria-ingresara-tres-senadores\/\">Evelyn D\u00edaz ser\u00e1 senadora provincial: Fuerza Patria ingresar\u00e1 tres senadores<\/a><\/blockquote><iframe loading=\"lazy\" class=\"wp-embedded-content\" sandbox=\"allow-scripts\" security=\"restricted\" style=\"position: absolute; visibility: hidden;\" title=\"&#8220;Evelyn D\u00edaz ser\u00e1 senadora provincial: Fuerza Patria ingresar\u00e1 tres senadores&#8221; &#8212; Central de Noticias | Olavarr\u00eda\" src=\"https:\/\/cdnoticias.com\/index.php\/2025\/09\/07\/evelyn-diaz-sera-senadora-provincial-fuerza-patria-ingresara-tres-senadores\/embed\/#?secret=2cltuF8Vm3#?secret=2O9HNU9k8V\" data-secret=\"2O9HNU9k8V\" width=\"600\" height=\"338\" frameborder=\"0\" marginwidth=\"0\" marginheight=\"0\" scrolling=\"no\"><\/iframe><\/p>\n<p><blockquote class=\"wp-embedded-content\" data-secret=\"wRPM5yC6hX\"><a href=\"https:\/\/cdnoticias.com\/index.php\/2025\/09\/07\/contundente-triunfo-del-peronismo-en-una-eleccion-en-la-que-kicillof-consolido-su-poder\/\">Contundente triunfo del peronismo en una elecci\u00f3n en la que Kicillof consolid\u00f3 su poder<\/a><\/blockquote><iframe loading=\"lazy\" class=\"wp-embedded-content\" sandbox=\"allow-scripts\" security=\"restricted\" style=\"position: absolute; visibility: hidden;\" title=\"&#8220;Contundente triunfo del peronismo en una elecci\u00f3n en la que Kicillof consolid\u00f3 su poder&#8221; &#8212; Central de Noticias | Olavarr\u00eda\" src=\"https:\/\/cdnoticias.com\/index.php\/2025\/09\/07\/contundente-triunfo-del-peronismo-en-una-eleccion-en-la-que-kicillof-consolido-su-poder\/embed\/#?secret=o3rqvTI3kH#?secret=wRPM5yC6hX\" data-secret=\"wRPM5yC6hX\" width=\"600\" height=\"338\" frameborder=\"0\" marginwidth=\"0\" marginheight=\"0\" scrolling=\"no\"><\/iframe><\/p>","protected":false},"excerpt":{"rendered":"<p>Tres puntos de diferencia separaron al primero al segundo en una elecci\u00f3n donde la polarizaci\u00f3n fue la marca. El reparto<\/p>\n","protected":false},"author":4,"featured_media":181777,"comment_status":"closed","ping_status":"closed","sticky":false,"template":"","format":"standard","meta":{"_jetpack_memberships_contains_paid_content":false,"footnotes":""},"categories":[4,1],"tags":[],"class_list":["post-181776","post","type-post","status-publish","format-standard","has-post-thumbnail","hentry","category-politica","category-portada"],"jetpack_featured_media_url":"https:\/\/i0.wp.com\/cdnoticias.com\/wp-content\/uploads\/2025\/09\/elecciones-2025-resultados-olavarria.jpg?fit=1000%2C556&ssl=1","jetpack_sharing_enabled":true,"_links":{"self":[{"href":"https:\/\/cdnoticias.com\/index.php\/wp-json\/wp\/v2\/posts\/181776","targetHints":{"allow":["GET"]}}],"collection":[{"href":"https:\/\/cdnoticias.com\/index.php\/wp-json\/wp\/v2\/posts"}],"about":[{"href":"https:\/\/cdnoticias.com\/index.php\/wp-json\/wp\/v2\/types\/post"}],"author":[{"embeddable":true,"href":"https:\/\/cdnoticias.com\/index.php\/wp-json\/wp\/v2\/users\/4"}],"replies":[{"embeddable":true,"href":"https:\/\/cdnoticias.com\/index.php\/wp-json\/wp\/v2\/comments?post=181776"}],"version-history":[{"count":0,"href":"https:\/\/cdnoticias.com\/index.php\/wp-json\/wp\/v2\/posts\/181776\/revisions"}],"wp:featuredmedia":[{"embeddable":true,"href":"https:\/\/cdnoticias.com\/index.php\/wp-json\/wp\/v2\/media\/181777"}],"wp:attachment":[{"href":"https:\/\/cdnoticias.com\/index.php\/wp-json\/wp\/v2\/media?parent=181776"}],"wp:term":[{"taxonomy":"category","embeddable":true,"href":"https:\/\/cdnoticias.com\/index.php\/wp-json\/wp\/v2\/categories?post=181776"},{"taxonomy":"post_tag","embeddable":true,"href":"https:\/\/cdnoticias.com\/index.php\/wp-json\/wp\/v2\/tags?post=181776"}],"curies":[{"name":"wp","href":"https:\/\/api.w.org\/{rel}","templated":true}]}}