{"id":18175,"date":"2021-04-07T09:11:36","date_gmt":"2021-04-07T12:11:36","guid":{"rendered":"http:\/\/www.centraldenoticias.com.ar\/?p=18175"},"modified":"2021-04-07T10:18:59","modified_gmt":"2021-04-07T13:18:59","slug":"covid-muestras-de-pacientes-de-olavarria-podran-analizarse-en-bolivar","status":"publish","type":"post","link":"https:\/\/cdnoticias.com\/index.php\/2021\/04\/07\/covid-muestras-de-pacientes-de-olavarria-podran-analizarse-en-bolivar\/","title":{"rendered":"Covid: muestras de pacientes de Olavarr\u00eda podr\u00e1n analizarse en Bol\u00edvar"},"content":{"rendered":"<p>La medida se dio en el marco de la propuesta que el intendente de aquel distrito hizo a Galli ante la complicada situaci\u00f3n sanitaria local.<!--more--><\/p>\n<hr \/>\n<p><strong>\u201cOlavarr\u00eda acept\u00f3 la propuesta y enviar\u00e1 muestras para analizar en el LABBO\u201d<\/strong> se inform\u00f3 desde Bol\u00edvar en las \u00faltimas horas.<\/p>\n<p>&nbsp;<\/p>\n<p>Es que el intendente de aquel distrito, <a href=\"https:\/\/cdnoticias.com\/index.php\/2021\/04\/06\/bolivar-puso-a-disposicion-de-olavarria-su-laboratorio-de-biologia-molecular\/\" target=\"_blank\" rel=\"noopener\">Marcos Pisano, hab\u00eda dialogado el lunes con Ezequiel Galli<\/a> ante la complicada situaci\u00f3n sanitaria local por la pandemia y <strong>puso a disposici\u00f3n las instalaciones del Laboratorio de Biolog\u00eda Molecular<\/strong>.<\/p>\n<p>&nbsp;<\/p>\n<p><strong>En dicha instalaci\u00f3n se analizan tambi\u00e9n muestras de distintas localidades de la provincia<\/strong>, como sucede tambi\u00e9n en el Laboratorio del Hospital Municipal de Olavarr\u00eda.<\/p>\n<p><img data-recalc-dims=\"1\" loading=\"lazy\" decoding=\"async\" class=\"aligncenter wp-image-18076 size-full\" src=\"https:\/\/i0.wp.com\/cdnoticias.com\/wp-content\/uploads\/2021\/04\/LA-MA%C3%91ANA-pisano-galli-800x445.jpg?resize=800%2C445&#038;ssl=1\" alt=\"\" width=\"800\" height=\"445\" srcset=\"https:\/\/i0.wp.com\/cdnoticias.com\/wp-content\/uploads\/2021\/04\/LA-MA%C3%91ANA-pisano-galli-800x445.jpg?resize=800%2C445&amp;ssl=1 800w, https:\/\/i0.wp.com\/cdnoticias.com\/wp-content\/uploads\/2021\/04\/LA-MA%C3%91ANA-pisano-galli-800x445.jpg?resize=300%2C167&amp;ssl=1 300w, https:\/\/i0.wp.com\/cdnoticias.com\/wp-content\/uploads\/2021\/04\/LA-MA%C3%91ANA-pisano-galli-800x445.jpg?resize=768%2C427&amp;ssl=1 768w\" sizes=\"auto, (max-width: 800px) 100vw, 800px\" \/><\/p>\n<p>&nbsp;<\/p>\n<blockquote><p>En diario La Ma\u00f1ana se inform\u00f3 que \u201cel municipio de Olavarr\u00eda acept\u00f3 la propuesta de intendente de Bol\u00edvar, Marcos Pisano, y enviar\u00e1 muestras para que sean analizadas y procesadas en el Laboratorio de Biolog\u00eda Molecular (LABBO)\u201d.<\/p>\n<p>&nbsp;<\/p><\/blockquote>\n<p>Asimismo, se aclar\u00f3 en el mismo medio que \u201csi bien <strong>a\u00fan no se recibieron testeos de Olavarr\u00eda<\/strong>, lo cierto es que en el futuro se estar\u00e1n recibiendo muestras para colaborar con la ciudad vecina\u201d.<\/p>\n<blockquote class=\"twitter-tweet\">\n<p dir=\"ltr\" lang=\"es\">Gracias <a href=\"https:\/\/twitter.com\/MarcosEPisano?ref_src=twsrc%5Etfw\">@MarcosEPisano<\/a> por tu llamado de ayer. Es muy importante que podamos pensar en estrategias en conjunto para nuestros distritos. El v\u00ednculo comercial y sanitario de Bol\u00edvar y Olavarr\u00eda es muy fuerte y tenemos que estar codo a codo en esta segunda ola de COVID19.<\/p>\n<p>\u2014 Ezequiel Galli (@ezequielgalli) <a href=\"https:\/\/twitter.com\/ezequielgalli\/status\/1379438529466544128?ref_src=twsrc%5Etfw\">April 6, 2021<\/a><\/p><\/blockquote>\n<p><script async src=\"https:\/\/platform.twitter.com\/widgets.js\" charset=\"utf-8\"><\/script><br \/>\nEn tanto, cabe recordar que <strong>Galli agradeci\u00f3 el llamado de Pisano. \u201cEs muy importante que podamos pensar en estrategias en conjunto para nuestros distritos\u201d<\/strong> expres\u00f3 el jefe comunal para destacar \u201cel v\u00ednculo comercial y sanitario\u201d entre las localidades.<\/p>\n<p>&nbsp;<\/p>\n<p>Fuente y foto: <em>Diario La Ma\u00f1ana<\/em><\/p>\n","protected":false},"excerpt":{"rendered":"<p>La medida se dio en el marco de la propuesta que el intendente de aquel distrito hizo a Galli ante<\/p>\n","protected":false},"author":4,"featured_media":18177,"comment_status":"closed","ping_status":"closed","sticky":false,"template":"","format":"standard","meta":{"_jetpack_memberships_contains_paid_content":false,"footnotes":""},"categories":[4,1],"tags":[],"class_list":["post-18175","post","type-post","status-publish","format-standard","has-post-thumbnail","hentry","category-politica","category-portada"],"jetpack_featured_media_url":"https:\/\/i0.wp.com\/cdnoticias.com\/wp-content\/uploads\/2021\/04\/LA-MA%C3%91ANA-Laboratorio1-696x391.jpg?fit=696%2C391&ssl=1","jetpack_sharing_enabled":true,"_links":{"self":[{"href":"https:\/\/cdnoticias.com\/index.php\/wp-json\/wp\/v2\/posts\/18175","targetHints":{"allow":["GET"]}}],"collection":[{"href":"https:\/\/cdnoticias.com\/index.php\/wp-json\/wp\/v2\/posts"}],"about":[{"href":"https:\/\/cdnoticias.com\/index.php\/wp-json\/wp\/v2\/types\/post"}],"author":[{"embeddable":true,"href":"https:\/\/cdnoticias.com\/index.php\/wp-json\/wp\/v2\/users\/4"}],"replies":[{"embeddable":true,"href":"https:\/\/cdnoticias.com\/index.php\/wp-json\/wp\/v2\/comments?post=18175"}],"version-history":[{"count":0,"href":"https:\/\/cdnoticias.com\/index.php\/wp-json\/wp\/v2\/posts\/18175\/revisions"}],"wp:featuredmedia":[{"embeddable":true,"href":"https:\/\/cdnoticias.com\/index.php\/wp-json\/wp\/v2\/media\/18177"}],"wp:attachment":[{"href":"https:\/\/cdnoticias.com\/index.php\/wp-json\/wp\/v2\/media?parent=18175"}],"wp:term":[{"taxonomy":"category","embeddable":true,"href":"https:\/\/cdnoticias.com\/index.php\/wp-json\/wp\/v2\/categories?post=18175"},{"taxonomy":"post_tag","embeddable":true,"href":"https:\/\/cdnoticias.com\/index.php\/wp-json\/wp\/v2\/tags?post=18175"}],"curies":[{"name":"wp","href":"https:\/\/api.w.org\/{rel}","templated":true}]}}