{"id":181734,"date":"2025-09-07T14:19:23","date_gmt":"2025-09-07T17:19:23","guid":{"rendered":"https:\/\/cdnoticias.com\/?p=181734"},"modified":"2025-09-07T17:33:23","modified_gmt":"2025-09-07T20:33:23","slug":"arouxet-hay-que-respetar-la-decision-de-la-gente-y-no-confundir","status":"publish","type":"post","link":"https:\/\/cdnoticias.com\/index.php\/2025\/09\/07\/arouxet-hay-que-respetar-la-decision-de-la-gente-y-no-confundir\/","title":{"rendered":"Arouxet: \u201chay que respetar la decisi\u00f3n de la gente y no confundir\u201d"},"content":{"rendered":"\n<p>La candidata a senadora de La Libertad Avanza, Celeste Arouxet se mostr\u00f3 angustiada por la superposici\u00f3n y mezclas de boletas de colores similares.<\/p>\n\n\n\n<hr class=\"wp-block-separator aligncenter has-alpha-channel-opacity\"\/>\n\n\n\n<p>La<strong> candidata a senadora de La Libertad Avanza<\/strong>,<strong> Celeste Arouxet expres\u00f3 su voto en la Escuela 24<\/strong> y se mostr\u00f3 angustiada por las <a href=\"https:\/\/cdnoticias.com\/index.php\/2025\/09\/07\/alianza-la-libertad-avanza-advirtio-sobre-maniobras-maliciosas-para-confundir-al-electorado\/\" target=\"_blank\" rel=\"noreferrer noopener\">\u201cmaniobras maliciosas para confundir al electorado\u201d, seg\u00fan hab\u00edan anunciado en un comunicado previamente.&nbsp;<\/a><\/p>\n\n\n\n<p><\/p>\n\n\n\n<p><strong><em>\u201cEs un d\u00eda complicado, una ma\u00f1ana que la verdad da pena. Duele el esfuerzo de los espacios pol\u00edticos para fiscalizar y estas cosas tan sucias son feas para la democracia\u201d <\/em><\/strong>expres\u00f3 muy angustiada.&nbsp;<\/p>\n\n\n\n<p><\/p>\n\n\n\n<blockquote class=\"wp-block-quote is-layout-flow wp-block-quote-is-layout-flow\">\n<p>Adem\u00e1s, agreg\u00f3: \u201cAhora dependemos de la gente. Estamos yendo de escuela en escuela. Dicen que las boletas est\u00e1n rotas, que hay boletas del espacio pero de Bah\u00eda Blanca y de otras ciudades. Juguemos limpio, se sab\u00eda que todo esto se iba a hacer y hay que respetar la decisi\u00f3n de la gente y no confundir\u201d.&nbsp;<\/p>\n<\/blockquote>\n\n\n\n<p><\/p>\n\n\n\n<figure class=\"wp-block-image aligncenter size-full\"><img data-recalc-dims=\"1\" loading=\"lazy\" decoding=\"async\" width=\"800\" height=\"600\" src=\"https:\/\/i0.wp.com\/cdnoticias.com\/wp-content\/uploads\/2025\/09\/arouxet-voto2.jpg?resize=800%2C600&#038;ssl=1\" alt=\"\" class=\"wp-image-181735\" srcset=\"https:\/\/i0.wp.com\/cdnoticias.com\/wp-content\/uploads\/2025\/09\/arouxet-voto2.jpg?w=900&amp;ssl=1 900w, https:\/\/i0.wp.com\/cdnoticias.com\/wp-content\/uploads\/2025\/09\/arouxet-voto2.jpg?resize=300%2C225&amp;ssl=1 300w, https:\/\/i0.wp.com\/cdnoticias.com\/wp-content\/uploads\/2025\/09\/arouxet-voto2.jpg?resize=768%2C576&amp;ssl=1 768w\" sizes=\"auto, (max-width: 800px) 100vw, 800px\" \/><\/figure>\n\n\n\n<p><\/p>\n\n\n\n<p><strong><em>\u201cSe sabia que iba a pasar desde que se pidi\u00f3 el cambio de color de boletas que iban a traer confusiones, la continuidad de numeraci\u00f3n, la confusi\u00f3n en la gente en la campa\u00f1a corta donde quiz\u00e1s la gente no alcanz\u00f3 a ver las dos boletas que eran similares<\/em><\/strong>\u201d subray\u00f3.&nbsp;<\/p>\n\n\n\n<p><\/p>\n\n\n\n<blockquote class=\"wp-block-quote is-layout-flow wp-block-quote-is-layout-flow\">\n<p>Y agreg\u00f3: \u201cNos robaron las boletas completas. Lo que tendr\u00eda que ser una fiesta&nbsp; de la democracia termin\u00f3 siendo un d\u00eda que desde las siete de la ma\u00f1ana estamos yendo para todos lados\u201d. A la par, agradeci\u00f3 a los fiscales, a los presidentes de mesa, personal policial y ej\u00e9rcito.&nbsp;<\/p>\n<\/blockquote>\n\n\n\n<p><\/p>\n\n\n\n<p>\u201cSabemos que <strong>est\u00e1n superponiendo las&nbsp; boletas de dos listas que son similares en el color, hay lugares que superponen, mezclan o las roban.<\/strong> Tanto hablamos de la democracia tanto decimos que hay que cuidarla y un d\u00eda como hoy donde sab\u00edamos que la <strong>participaci\u00f3n viene baja alguien manda a hacer estas cosas porque no solo pas\u00f3 en Olavarr\u00eda, pas\u00f3 a nivel provincial. Estamos alertando a toda la provincia<\/strong>\u201d remarc\u00f3 Arouxet.&nbsp;<\/p>\n\n\n\n<p><\/p>\n\n\n\n<p>Por \u00faltimo cerr\u00f3: <strong><em>\u201ctenemos que colaborar entre todos. Invito a la gente que se acerque a votar y que se expresen ac\u00e1\u201d.<\/em><\/strong><\/p>\n\n\n\n<p><\/p>\n","protected":false},"excerpt":{"rendered":"<p>La candidata a senadora de La Libertad Avanza, Celeste Arouxet se mostr\u00f3 angustiada por la superposici\u00f3n y mezclas de boletas<\/p>\n","protected":false},"author":6,"featured_media":181736,"comment_status":"closed","ping_status":"closed","sticky":false,"template":"","format":"standard","meta":{"_jetpack_memberships_contains_paid_content":false,"footnotes":""},"categories":[4,1],"tags":[],"class_list":["post-181734","post","type-post","status-publish","format-standard","has-post-thumbnail","hentry","category-politica","category-portada"],"jetpack_featured_media_url":"https:\/\/i0.wp.com\/cdnoticias.com\/wp-content\/uploads\/2025\/09\/arouxet-voto.jpg?fit=900%2C599&ssl=1","jetpack_sharing_enabled":true,"_links":{"self":[{"href":"https:\/\/cdnoticias.com\/index.php\/wp-json\/wp\/v2\/posts\/181734","targetHints":{"allow":["GET"]}}],"collection":[{"href":"https:\/\/cdnoticias.com\/index.php\/wp-json\/wp\/v2\/posts"}],"about":[{"href":"https:\/\/cdnoticias.com\/index.php\/wp-json\/wp\/v2\/types\/post"}],"author":[{"embeddable":true,"href":"https:\/\/cdnoticias.com\/index.php\/wp-json\/wp\/v2\/users\/6"}],"replies":[{"embeddable":true,"href":"https:\/\/cdnoticias.com\/index.php\/wp-json\/wp\/v2\/comments?post=181734"}],"version-history":[{"count":0,"href":"https:\/\/cdnoticias.com\/index.php\/wp-json\/wp\/v2\/posts\/181734\/revisions"}],"wp:featuredmedia":[{"embeddable":true,"href":"https:\/\/cdnoticias.com\/index.php\/wp-json\/wp\/v2\/media\/181736"}],"wp:attachment":[{"href":"https:\/\/cdnoticias.com\/index.php\/wp-json\/wp\/v2\/media?parent=181734"}],"wp:term":[{"taxonomy":"category","embeddable":true,"href":"https:\/\/cdnoticias.com\/index.php\/wp-json\/wp\/v2\/categories?post=181734"},{"taxonomy":"post_tag","embeddable":true,"href":"https:\/\/cdnoticias.com\/index.php\/wp-json\/wp\/v2\/tags?post=181734"}],"curies":[{"name":"wp","href":"https:\/\/api.w.org\/{rel}","templated":true}]}}